{"id":7251,"date":"2023-06-15T05:17:35","date_gmt":"2023-06-15T03:17:35","guid":{"rendered":"https:\/\/bebartlet.com\/greenpeace-y-bebartlet-generamos-un-espacio-de-dialogo-entre-empresas-y-activistas\/"},"modified":"2023-07-03T12:16:56","modified_gmt":"2023-07-03T10:16:56","slug":"greenpeace-y-bebartlet-generamos-un-espacio-de-dialogo-entre-empresas-y-activistas","status":"publish","type":"post","link":"https:\/\/bebartlet.com\/ca\/greenpeace-y-bebartlet-generamos-un-espacio-de-dialogo-entre-empresas-y-activistas\/","title":{"rendered":"Greenpeace y beBartlet generamos un espacio de di\u00e1logo entre empresas y activistas"},"content":{"rendered":"<p><span style=\"font-weight: 400;\">beBartlet y <a href=\"https:\/\/es.greenpeace.org\/es\/sala-de-prensa\/comunicados\/greenpeace-y-bebartlet-reunen-a-empresas-y-activistas-para-dialogar-sobre-la-necesidad-de-abordar-cambios-sistemicos\/\" target=\"_blank\" rel=\"noopener\"><strong>Greenpeace<\/strong><\/a> generan por primera vez en Espa\u00f1a <\/span><b>un encuentro protagonizado por activistas y representantes empresariales,<\/b><span style=\"font-weight: 400;\"> tanto de grandes empresas como de pymes de diversos sectores, para <\/span><b>debatir <\/b><span style=\"font-weight: 400;\">y <\/span><b>dialogar <\/b><span style=\"font-weight: 400;\">sobre los <\/span><b>grandes retos econ\u00f3micos, sociales y medioambientales <\/b><span style=\"font-weight: 400;\">que representa la <\/span><b>crisis clim\u00e1tica.\u00a0<\/b><\/p>\n<p><span style=\"font-weight: 400;\">Seg\u00fan se\u00f1ala <\/span><b>Ricardo Mag\u00e1n (director de Estrategia Sist\u00e9mica<\/b> <b>en Greenpeace Espa\u00f1a)<\/b><span style=\"font-weight: 400;\">, \u201ccreemos en la necesidad de promover espacios para la transformaci\u00f3n, donde<\/span> <span style=\"font-weight: 400;\">personas con distintos puntos de vista empiecen a construir consensos y a proponer acciones que impulsen el cambio sist\u00e9mico necesario para abordar con urgencia la crisis ambiental\u201d.\u00a0<\/span><\/p>\n<p><span style=\"font-weight: 400;\">En ese contexto, se requiere la <\/span><b>colaboraci\u00f3n<\/b><span style=\"font-weight: 400;\"> del <\/span><b>sector privado<\/b><span style=\"font-weight: 400;\"> con <\/span><b>actores clave del activismo medioambiental<\/b><span style=\"font-weight: 400;\"> para <\/span><b>empezar a generar puentes y buscar soluciones a largo plazo<\/b><span style=\"font-weight: 400;\">. \u201cDebemos <\/span><b>superar brechas<\/b><span style=\"font-weight: 400;\"> y construir <\/span><b>desde la diferencia y la diversidad<\/b><span style=\"font-weight: 400;\"> un <\/span><b>escenario de futuro que sea beneficioso para todos.<\/b><span style=\"font-weight: 400;\"> Las empresas tienen un papel fundamental en la transformaci\u00f3n del actual modelo productivo hacia otro que garantice el desarrollo y el crecimiento econ\u00f3mico sostenible para todos\u201d, apunta <\/span><b>Adrian Jofre Bosch<\/b><span style=\"font-weight: 400;\">, (<\/span><b>socio y presidente del gabinete de incidencia p\u00fablica de beBartlet)<\/b><span style=\"font-weight: 400;\">.\u00a0<\/span><\/p>\n<p><b>Nacho Bautista<\/b><span style=\"font-weight: 400;\"> (CEO de Fundeen), <\/span><b>Carla Cabedo <\/b><span style=\"font-weight: 400;\">(Directora de Comunicaci\u00f3n y Relaciones Institucionales de Glovo),<\/span><b> Luc\u00eda Mart\u00ednez <\/b><span style=\"font-weight: 400;\">(Manager de Alianzas Estrat\u00e9gicas de Danone), <\/span><b>Pol Fabrega <\/b><span style=\"font-weight: 400;\">(Responsable de Sostenibilidad de Wallapop), <\/span><b>Indalecio de P\u00e9rez <\/b><span style=\"font-weight: 400;\">(Director del Departamento Sostenibilidad de Inditex), <\/span><b>Clara Soler Roig <\/b><span style=\"font-weight: 400;\">(Responsable de Comunicaci\u00f3n Fiare Banca \u00c9tica) o <\/span><b>Josep Ribas<\/b><span style=\"font-weight: 400;\"> (Strategic Advisor, Interim Manager y Mentor de Emprendedores de bodega Familia Torres), han sido algunos de los l\u00edderes empresariales que han formado parte de la sesi\u00f3n.<\/span><\/p>\n<p><span style=\"font-weight: 400;\">Asimismo, <\/span><b>Laura Reboul<\/b><span style=\"font-weight: 400;\"> (Greenpeace), <\/span><b>Miguel Blazquez <\/b><span style=\"font-weight: 400;\">(Fridays for Future), <\/span><b>Daniel Arenas <\/b><span style=\"font-weight: 400;\">(Greenpeace), <\/span><b>Nico Ordozgoiti <\/b><span style=\"font-weight: 400;\">(Creative for Future) o <\/span><b>Carlos Bueno <\/b><span style=\"font-weight: 400;\">(Greenpeace) han sido algunos de los activistas, de diferentes entidades sociales, que han dialogado con las empresas para trasladarles sus prioridades.<\/span><\/p>\n<p><span style=\"font-weight: 400;\">En la jornada, moderada por la soci\u00f3loga <\/span><b>Cristina Monge <\/b><span style=\"font-weight: 400;\">(experta en cambio clim\u00e1tico y asesora de beBartlet), se abordaron cuestiones como el papel de las empresas para conseguir un <\/span><b>modelo socio-econ\u00f3mico que respete los l\u00edmites del planeta y ponga a las personas en el centro de sus decisiones. <\/b><span style=\"font-weight: 400;\">Durante el encuentro, tambi\u00e9n se compartieron visiones de futuro y propuestas para evitar la creciente desconfianza de la ciudadan\u00eda ante la avalancha del <\/span><i><span style=\"font-weight: 400;\">greenwashing<\/span><\/i><span style=\"font-weight: 400;\">.<\/span><\/p>\n<p><iframe title=\"\u00bfQu\u00e9 pasar\u00eda si activistas ecologistas y directivos empresariales dedicaran m\u00e1s tiempo a conocerse?\" width=\"500\" height=\"281\" src=\"https:\/\/www.youtube.com\/embed\/95bHyjGBFaE?feature=oembed\" frameborder=\"0\" allow=\"accelerometer; autoplay; clipboard-write; encrypted-media; gyroscope; picture-in-picture; web-share\" referrerpolicy=\"strict-origin-when-cross-origin\" allowfullscreen><\/iframe><\/p>\n","protected":false},"excerpt":{"rendered":"<p>beBartlet y Greenpeace generan por primera vez en Espa\u00f1a un encuentro protagonizado por activistas y representantes empresariales, tanto de grandes empresas como de pymes de diversos sectores, para debatir y dialogar sobre los grandes retos econ\u00f3micos, sociales y medioambientales que representa la crisis clim\u00e1tica.\u00a0 Seg\u00fan se\u00f1ala Ricardo Mag\u00e1n (director de Estrategia Sist\u00e9mica en Greenpeace Espa\u00f1a), [&hellip;]<\/p>\n","protected":false},"author":9,"featured_media":7237,"comment_status":"closed","ping_status":"open","sticky":false,"template":"","format":"standard","meta":{"footnotes":""},"categories":[83,66],"tags":[],"class_list":["post-7251","post","type-post","status-publish","format-standard","has-post-thumbnail","hentry","category-bebartlet-ca","category-mision-bebartlet"],"_links":{"self":[{"href":"https:\/\/bebartlet.com\/ca\/wp-json\/wp\/v2\/posts\/7251","targetHints":{"allow":["GET"]}}],"collection":[{"href":"https:\/\/bebartlet.com\/ca\/wp-json\/wp\/v2\/posts"}],"about":[{"href":"https:\/\/bebartlet.com\/ca\/wp-json\/wp\/v2\/types\/post"}],"author":[{"embeddable":true,"href":"https:\/\/bebartlet.com\/ca\/wp-json\/wp\/v2\/users\/9"}],"replies":[{"embeddable":true,"href":"https:\/\/bebartlet.com\/ca\/wp-json\/wp\/v2\/comments?post=7251"}],"version-history":[{"count":3,"href":"https:\/\/bebartlet.com\/ca\/wp-json\/wp\/v2\/posts\/7251\/revisions"}],"predecessor-version":[{"id":7316,"href":"https:\/\/bebartlet.com\/ca\/wp-json\/wp\/v2\/posts\/7251\/revisions\/7316"}],"wp:featuredmedia":[{"embeddable":true,"href":"https:\/\/bebartlet.com\/ca\/wp-json\/wp\/v2\/media\/7237"}],"wp:attachment":[{"href":"https:\/\/bebartlet.com\/ca\/wp-json\/wp\/v2\/media?parent=7251"}],"wp:term":[{"taxonomy":"category","embeddable":true,"href":"https:\/\/bebartlet.com\/ca\/wp-json\/wp\/v2\/categories?post=7251"},{"taxonomy":"post_tag","embeddable":true,"href":"https:\/\/bebartlet.com\/ca\/wp-json\/wp\/v2\/tags?post=7251"}],"curies":[{"name":"wp","href":"https:\/\/api.w.org\/{rel}","templated":true}]}}