{"id":7553,"date":"2023-06-28T17:14:49","date_gmt":"2023-06-28T15:14:49","guid":{"rendered":"https:\/\/bebartlet.com\/se-traducira-en-votos-aparecer-en-formatos-como-el-hormiguero\/"},"modified":"2023-07-24T20:20:53","modified_gmt":"2023-07-24T18:20:53","slug":"se-traducira-en-votos-aparecer-en-formatos-como-el-hormiguero","status":"publish","type":"post","link":"https:\/\/bebartlet.com\/en\/se-traducira-en-votos-aparecer-en-formatos-como-el-hormiguero\/","title":{"rendered":"\u00bfSe traducir\u00e1 en votos aparecer en formatos como El Hormiguero?"},"content":{"rendered":"\t\t<div data-elementor-type=\"wp-post\" data-elementor-id=\"7553\" class=\"elementor elementor-7553 elementor-7546\" data-elementor-post-type=\"post\">\n\t\t\t\t\t\t<section class=\"elementor-section elementor-top-section elementor-element elementor-element-216ac912 elementor-section-boxed elementor-section-height-default elementor-section-height-default\" data-id=\"216ac912\" data-element_type=\"section\" data-e-type=\"section\">\n\t\t\t\t\t\t<div class=\"elementor-container elementor-column-gap-default\">\n\t\t\t\t\t<div class=\"aux-parallax-section elementor-column elementor-col-100 elementor-top-column elementor-element elementor-element-7bb801fc\" data-id=\"7bb801fc\" data-element_type=\"column\" data-e-type=\"column\">\n\t\t\t<div class=\"elementor-widget-wrap elementor-element-populated\">\n\t\t\t\t\t\t<div class=\"elementor-element elementor-element-55efc333 elementor-widget elementor-widget-text-editor\" data-id=\"55efc333\" data-element_type=\"widget\" data-e-type=\"widget\" data-widget_type=\"text-editor.default\">\n\t\t\t\t<div class=\"elementor-widget-container\">\n\t\t\t\t\t\t\t\t\tEn las pr\u00f3ximas semanas los <strong>candidatos de las principales fuerzas pol\u00edticas<\/strong> recorrer\u00e1n los <strong>plat\u00f3s de televisi\u00f3n y los programas de radio<\/strong> de m\u00e1xima audiencia. Pero, \u00bfse <strong>traducir\u00e1 en votos<\/strong> aparecer en formatos como El Hormiguero? <strong>Ram\u00f3n Mateo<\/strong>, director de <strong>An\u00e1lisis e Impacto Regulatorio<\/strong> de <strong>beBartlet<\/strong> y coordinador de la <strong>Unidad Electoral <\/strong>lo analiza en <strong>Infolibre<\/strong>.\t\t\t\t\t\t\t\t<\/div>\n\t\t\t\t<\/div>\n\t\t\t\t\t<\/div>\n\t\t<\/div>\n\t\t\t\t\t<\/div>\n\t\t<\/section>\n\t\t\t\t<section class=\"elementor-section elementor-top-section elementor-element elementor-element-9f0506b elementor-section-boxed elementor-section-height-default elementor-section-height-default\" data-id=\"9f0506b\" data-element_type=\"section\" data-e-type=\"section\">\n\t\t\t\t\t\t<div class=\"elementor-container elementor-column-gap-default\">\n\t\t\t\t\t<div class=\"aux-parallax-section elementor-column elementor-col-100 elementor-top-column elementor-element elementor-element-f5385a1\" data-id=\"f5385a1\" data-element_type=\"column\" data-e-type=\"column\">\n\t\t\t<div class=\"elementor-widget-wrap elementor-element-populated\">\n\t\t\t\t\t\t<div class=\"elementor-element elementor-element-1dc4c59 elementor-widget elementor-widget-button\" data-id=\"1dc4c59\" data-element_type=\"widget\" data-e-type=\"widget\" data-widget_type=\"button.default\">\n\t\t\t\t<div class=\"elementor-widget-container\">\n\t\t\t\t\t\t\t\t\t<div class=\"elementor-button-wrapper\">\n\t\t\t\t\t<a class=\"elementor-button elementor-button-link elementor-size-sm\" href=\"https:\/\/www.infolibre.es\/politica\/psoe-cree-subidon-sanchez-medios-moviliza-desmonta-derechas_1_1536690.html\" target=\"_blank\" rel=\"noopener\">\n\t\t\t\t\t\t<span class=\"elementor-button-content-wrapper\">\n\t\t\t\t\t\t\t\t\t<span class=\"elementor-button-text\">Ver noticia<\/span>\n\t\t\t\t\t<\/span>\n\t\t\t\t\t<\/a>\n\t\t\t\t<\/div>\n\t\t\t\t\t\t\t\t<\/div>\n\t\t\t\t<\/div>\n\t\t\t\t\t<\/div>\n\t\t<\/div>\n\t\t\t\t\t<\/div>\n\t\t<\/section>\n\t\t\t\t<\/div>\n\t\t","protected":false},"excerpt":{"rendered":"<p>En las pr\u00f3ximas semanas los candidatos de las principales fuerzas pol\u00edticas recorrer\u00e1n los plat\u00f3s de televisi\u00f3n y los programas de radio de m\u00e1xima audiencia. Pero, \u00bfse traducir\u00e1 en votos aparecer en formatos como El Hormiguero? Ram\u00f3n Mateo, director de An\u00e1lisis e Impacto Regulatorio de beBartlet y coordinador de la Unidad Electoral lo analiza en Infolibre. [&hellip;]<\/p>\n","protected":false},"author":5,"featured_media":7549,"comment_status":"closed","ping_status":"open","sticky":false,"template":"","format":"standard","meta":{"footnotes":""},"categories":[111,248],"tags":[],"class_list":["post-7553","post","type-post","status-publish","format-standard","has-post-thumbnail","hentry","category-press-en","category-infolibre-en"],"_links":{"self":[{"href":"https:\/\/bebartlet.com\/en\/wp-json\/wp\/v2\/posts\/7553","targetHints":{"allow":["GET"]}}],"collection":[{"href":"https:\/\/bebartlet.com\/en\/wp-json\/wp\/v2\/posts"}],"about":[{"href":"https:\/\/bebartlet.com\/en\/wp-json\/wp\/v2\/types\/post"}],"author":[{"embeddable":true,"href":"https:\/\/bebartlet.com\/en\/wp-json\/wp\/v2\/users\/5"}],"replies":[{"embeddable":true,"href":"https:\/\/bebartlet.com\/en\/wp-json\/wp\/v2\/comments?post=7553"}],"version-history":[{"count":4,"href":"https:\/\/bebartlet.com\/en\/wp-json\/wp\/v2\/posts\/7553\/revisions"}],"predecessor-version":[{"id":7564,"href":"https:\/\/bebartlet.com\/en\/wp-json\/wp\/v2\/posts\/7553\/revisions\/7564"}],"wp:featuredmedia":[{"embeddable":true,"href":"https:\/\/bebartlet.com\/en\/wp-json\/wp\/v2\/media\/7549"}],"wp:attachment":[{"href":"https:\/\/bebartlet.com\/en\/wp-json\/wp\/v2\/media?parent=7553"}],"wp:term":[{"taxonomy":"category","embeddable":true,"href":"https:\/\/bebartlet.com\/en\/wp-json\/wp\/v2\/categories?post=7553"},{"taxonomy":"post_tag","embeddable":true,"href":"https:\/\/bebartlet.com\/en\/wp-json\/wp\/v2\/tags?post=7553"}],"curies":[{"name":"wp","href":"https:\/\/api.w.org\/{rel}","templated":true}]}}