{"id":9838,"date":"2024-05-28T09:50:40","date_gmt":"2024-05-28T07:50:40","guid":{"rendered":"https:\/\/bebartlet.com\/?p=9838"},"modified":"2024-05-28T10:11:43","modified_gmt":"2024-05-28T08:11:43","slug":"adrian-jofre-bosch-y-nacho-corredor-explican-en-rne-el-valor-de-la-incidencia-publica","status":"publish","type":"post","link":"https:\/\/bebartlet.com\/en\/adrian-jofre-bosch-y-nacho-corredor-explican-en-rne-el-valor-de-la-incidencia-publica\/","title":{"rendered":"Adrian Jofre Bosch y Nacho Corredor explican en RNE el valor de la incidencia p\u00fablica"},"content":{"rendered":"\t\t<div data-elementor-type=\"wp-post\" data-elementor-id=\"9838\" class=\"elementor elementor-9838 elementor-9834\" data-elementor-post-type=\"post\">\n\t\t\t\t\t\t<section class=\"elementor-section elementor-top-section elementor-element elementor-element-1f9bd61f elementor-section-boxed elementor-section-height-default elementor-section-height-default\" data-id=\"1f9bd61f\" data-element_type=\"section\" data-e-type=\"section\">\n\t\t\t\t\t\t<div class=\"elementor-container elementor-column-gap-default\">\n\t\t\t\t\t<div class=\"aux-parallax-section elementor-column elementor-col-100 elementor-top-column elementor-element elementor-element-7543de3d\" data-id=\"7543de3d\" data-element_type=\"column\" data-e-type=\"column\">\n\t\t\t<div class=\"elementor-widget-wrap elementor-element-populated\">\n\t\t\t\t\t\t<div class=\"elementor-element elementor-element-225d0445 elementor-widget elementor-widget-text-editor\" data-id=\"225d0445\" data-element_type=\"widget\" data-e-type=\"widget\" data-widget_type=\"text-editor.default\">\n\t\t\t\t<div class=\"elementor-widget-container\">\n\t\t\t\t\t\t\t\t\t<strong>Adrian Jofre Bosch<\/strong> (Socio y presidente de beBartlet) y <strong>Nacho Corredo<\/strong>r (Socio y presidente del C\u00edrculo de Asesores de beBartlet) <strong>han compartido en RNE sus reflexiones acerca del valor de la incidencia p\u00fablica<\/strong>.\r\n\r\nCon motivo de la publicaci\u00f3n de <strong>su nuevo libro,<\/strong> &#8216;<strong>Incidencia p\u00fablica: el poder en el siglo XXI&#8217; <\/strong>(ARPA), los dos socios fundadores de beBartlet <strong>han sido entrevistados por Josep Cun\u00ed<\/strong> y <strong>han explicado la importancia<\/strong> que tiene para las empresas, las instituciones y las organizaciones sociales <strong>saber &#8220;interpretar a la sociedad&#8221;.\u00a0<\/strong>\r\n\r\n&#8220;Nosotros <strong>encontramos el origen de la incidencia p\u00fablica en el tercer sector<\/strong> y en c<strong>\u00f3mo las ONG entienden c\u00f3mo deben introducir sus causas en el debate p\u00fablico&#8221;<\/strong>, ha se\u00f1alado <strong>Adrian<\/strong> <strong>Jofre Bosch.<\/strong>\r\n\r\nPor su parte,<strong> Nacho Corredor, <\/strong>ha indicado que <strong>&#8220;esto no va de tener responsabilidad social corporativa, sino de alinear el objeto de negocio con un objetivo social&#8221;.<\/strong>\t\t\t\t\t\t\t\t<\/div>\n\t\t\t\t<\/div>\n\t\t\t\t\t<\/div>\n\t\t<\/div>\n\t\t\t\t\t<\/div>\n\t\t<\/section>\n\t\t\t\t<section class=\"elementor-section elementor-top-section elementor-element elementor-element-237c3ce elementor-section-boxed elementor-section-height-default elementor-section-height-default\" data-id=\"237c3ce\" data-element_type=\"section\" data-e-type=\"section\">\n\t\t\t\t\t\t<div class=\"elementor-container elementor-column-gap-default\">\n\t\t\t\t\t<div class=\"aux-parallax-section elementor-column elementor-col-100 elementor-top-column elementor-element elementor-element-2a05237\" data-id=\"2a05237\" data-element_type=\"column\" data-e-type=\"column\">\n\t\t\t<div class=\"elementor-widget-wrap elementor-element-populated\">\n\t\t\t\t\t\t<div class=\"elementor-element elementor-element-495966a elementor-widget elementor-widget-video\" data-id=\"495966a\" data-element_type=\"widget\" data-e-type=\"widget\" data-settings=\"{&quot;youtube_url&quot;:&quot;https:\\\/\\\/www.youtube.com\\\/watch?v=ZY4qI7QiGKk&quot;,&quot;video_type&quot;:&quot;youtube&quot;,&quot;controls&quot;:&quot;yes&quot;}\" data-widget_type=\"video.default\">\n\t\t\t\t<div class=\"elementor-widget-container\">\n\t\t\t\t\t\t\t<div class=\"elementor-wrapper elementor-open-inline\">\n\t\t\t<div class=\"elementor-video\"><\/div>\t\t<\/div>\n\t\t\t\t\t\t<\/div>\n\t\t\t\t<\/div>\n\t\t\t\t\t<\/div>\n\t\t<\/div>\n\t\t\t\t\t<\/div>\n\t\t<\/section>\n\t\t\t\t<\/div>\n\t\t","protected":false},"excerpt":{"rendered":"<p>Adrian Jofre Bosch (Socio y presidente de beBartlet) y Nacho Corredor (Socio y presidente del C\u00edrculo de Asesores de beBartlet) han compartido en RNE sus reflexiones acerca del valor de la incidencia p\u00fablica. Con motivo de la publicaci\u00f3n de su nuevo libro, &#8216;Incidencia p\u00fablica: el poder en el siglo XXI&#8217; (ARPA), los dos socios fundadores [&hellip;]<\/p>\n","protected":false},"author":8,"featured_media":9841,"comment_status":"closed","ping_status":"open","sticky":false,"template":"","format":"standard","meta":{"footnotes":""},"categories":[111,489],"tags":[415,286,117,490,108,491],"class_list":["post-9838","post","type-post","status-publish","format-standard","has-post-thumbnail","hentry","category-press-en","category-rne-en","tag-adrian-jofre-bosch-en","tag-entrevista-en","tag-incidencia-publica-en","tag-josep-cuni-en","tag-nacho-corredor-en","tag-rne-en"],"_links":{"self":[{"href":"https:\/\/bebartlet.com\/en\/wp-json\/wp\/v2\/posts\/9838","targetHints":{"allow":["GET"]}}],"collection":[{"href":"https:\/\/bebartlet.com\/en\/wp-json\/wp\/v2\/posts"}],"about":[{"href":"https:\/\/bebartlet.com\/en\/wp-json\/wp\/v2\/types\/post"}],"author":[{"embeddable":true,"href":"https:\/\/bebartlet.com\/en\/wp-json\/wp\/v2\/users\/8"}],"replies":[{"embeddable":true,"href":"https:\/\/bebartlet.com\/en\/wp-json\/wp\/v2\/comments?post=9838"}],"version-history":[{"count":4,"href":"https:\/\/bebartlet.com\/en\/wp-json\/wp\/v2\/posts\/9838\/revisions"}],"predecessor-version":[{"id":9852,"href":"https:\/\/bebartlet.com\/en\/wp-json\/wp\/v2\/posts\/9838\/revisions\/9852"}],"wp:featuredmedia":[{"embeddable":true,"href":"https:\/\/bebartlet.com\/en\/wp-json\/wp\/v2\/media\/9841"}],"wp:attachment":[{"href":"https:\/\/bebartlet.com\/en\/wp-json\/wp\/v2\/media?parent=9838"}],"wp:term":[{"taxonomy":"category","embeddable":true,"href":"https:\/\/bebartlet.com\/en\/wp-json\/wp\/v2\/categories?post=9838"},{"taxonomy":"post_tag","embeddable":true,"href":"https:\/\/bebartlet.com\/en\/wp-json\/wp\/v2\/tags?post=9838"}],"curies":[{"name":"wp","href":"https:\/\/api.w.org\/{rel}","templated":true}]}}