{"id":14421,"date":"2026-02-20T13:29:24","date_gmt":"2026-02-20T12:29:24","guid":{"rendered":"https:\/\/bebartlet.com\/?p=14421"},"modified":"2026-02-23T09:30:32","modified_gmt":"2026-02-23T08:30:32","slug":"el-proximo-23-de-febrero-el-consejo-de-ministros-de-agricultura-se-reune-en-bruselas-%f0%9f%87%aa%f0%9f%87%ba-para-debatir-varias-de-las-politicas-que-definiran-el-futuro-del-sector-agroalimentario-e","status":"publish","type":"post","link":"https:\/\/bebartlet.com\/pt-pt\/el-proximo-23-de-febrero-el-consejo-de-ministros-de-agricultura-se-reune-en-bruselas-%f0%9f%87%aa%f0%9f%87%ba-para-debatir-varias-de-las-politicas-que-definiran-el-futuro-del-sector-agroalimentario-e\/","title":{"rendered":"Andr\u00e9s Morales (beBartlet) analiza en Agronegocios las prioridades pol\u00edticas de 2026 en el sector agroalimentario"},"content":{"rendered":"<p>El pr\u00f3ximo 23 de febrero, el <strong>Consejo de Ministros de Agricultura<\/strong> se re\u00fane en <strong>Bruselas<\/strong> \ud83c\uddea\ud83c\uddfa para <strong>debatir varias de las pol\u00edticas<\/strong> que definir\u00e1n el <strong>futuro del sector agroalimentario en los pr\u00f3ximos a\u00f1os.<\/strong><\/p>\n<p>\ud83d\udde3\ufe0f <a id=\"ember615\" class=\"ember-view\" tabindex=\"0\" href=\"https:\/\/www.linkedin.com\/in\/andresmgz\/\" target=\"_blank\" rel=\"noopener\">Andr\u00e9s Morales G\u00f3mez<\/a>, consultor de beBartlet, analiza en <strong>Agronegocios<\/strong> algunas de las novedades que podemos esperar de <strong>esta reuni\u00f3n<\/strong> y su impacto en la producci\u00f3n y distribuci\u00f3n de alimentos: \u201cSe est\u00e1 debatiendo la <strong>modificaci\u00f3n de los requisitos<\/strong> para utilizar los <strong>t\u00e9rminos ecol\u00f3gico, org\u00e1nico o biol\u00f3gico<\/strong> en el etiquetado de <strong>productos europeos e importados<\/strong>\u201d.<\/p>\n","protected":false},"excerpt":{"rendered":"<p>El pr\u00f3ximo 23 de febrero, el Consejo de Ministros de Agricultura se re\u00fane en Bruselas \ud83c\uddea\ud83c\uddfa para debatir varias de las pol\u00edticas que definir\u00e1n el futuro del sector agroalimentario en los pr\u00f3ximos a\u00f1os. \ud83d\udde3\ufe0f Andr\u00e9s Morales G\u00f3mez, consultor de beBartlet, analiza en Agronegocios algunas de las novedades que podemos esperar de esta reuni\u00f3n y su [&hellip;]<\/p>\n","protected":false},"author":10,"featured_media":14422,"comment_status":"closed","ping_status":"open","sticky":false,"template":"","format":"standard","meta":{"footnotes":""},"categories":[13],"tags":[],"class_list":["post-14421","post","type-post","status-publish","format-standard","has-post-thumbnail","hentry","category-bebartlet"],"_links":{"self":[{"href":"https:\/\/bebartlet.com\/pt-pt\/wp-json\/wp\/v2\/posts\/14421","targetHints":{"allow":["GET"]}}],"collection":[{"href":"https:\/\/bebartlet.com\/pt-pt\/wp-json\/wp\/v2\/posts"}],"about":[{"href":"https:\/\/bebartlet.com\/pt-pt\/wp-json\/wp\/v2\/types\/post"}],"author":[{"embeddable":true,"href":"https:\/\/bebartlet.com\/pt-pt\/wp-json\/wp\/v2\/users\/10"}],"replies":[{"embeddable":true,"href":"https:\/\/bebartlet.com\/pt-pt\/wp-json\/wp\/v2\/comments?post=14421"}],"version-history":[{"count":4,"href":"https:\/\/bebartlet.com\/pt-pt\/wp-json\/wp\/v2\/posts\/14421\/revisions"}],"predecessor-version":[{"id":14438,"href":"https:\/\/bebartlet.com\/pt-pt\/wp-json\/wp\/v2\/posts\/14421\/revisions\/14438"}],"wp:featuredmedia":[{"embeddable":true,"href":"https:\/\/bebartlet.com\/pt-pt\/wp-json\/wp\/v2\/media\/14422"}],"wp:attachment":[{"href":"https:\/\/bebartlet.com\/pt-pt\/wp-json\/wp\/v2\/media?parent=14421"}],"wp:term":[{"taxonomy":"category","embeddable":true,"href":"https:\/\/bebartlet.com\/pt-pt\/wp-json\/wp\/v2\/categories?post=14421"},{"taxonomy":"post_tag","embeddable":true,"href":"https:\/\/bebartlet.com\/pt-pt\/wp-json\/wp\/v2\/tags?post=14421"}],"curies":[{"name":"wp","href":"https:\/\/api.w.org\/{rel}","templated":true}]}}