{"id":14862,"date":"2026-04-13T12:09:42","date_gmt":"2026-04-13T10:09:42","guid":{"rendered":"https:\/\/bebartlet.com\/?p=14862"},"modified":"2026-04-18T16:23:29","modified_gmt":"2026-04-18T14:23:29","slug":"when-spain-%f0%9f%87%aa%f0%9f%87%b8-speaks-europe-%f0%9f%87%aa%f0%9f%87%ba-and-the-world-listen","status":"publish","type":"post","link":"https:\/\/bebartlet.com\/pt-pt\/when-spain-%f0%9f%87%aa%f0%9f%87%b8-speaks-europe-%f0%9f%87%aa%f0%9f%87%ba-and-the-world-listen\/","title":{"rendered":"European Pulse Forum 2026 by POLITICO and beBartlet: when Spain speaks, Europe and the world listen"},"content":{"rendered":"<p>When <strong>Spain<\/strong>\u00a0speaks,<strong> Europe<\/strong>\u00a0and the world listen.<\/p>\n<p>That was one of the <strong>key takeaways<\/strong> from this week\u2019s <strong>European Pulse Forum<\/strong> by <a tabindex=\"0\" href=\"https:\/\/www.linkedin.com\/company\/politico\/\" target=\"_self\" data-test-app-aware-link=\"\" rel=\"noopener\">POLITICO<\/a> and <a tabindex=\"0\" href=\"https:\/\/www.linkedin.com\/company\/bebartlet\/\" target=\"_self\" data-test-app-aware-link=\"\" rel=\"noopener\">beBartlet<\/a> in Barcelona.<\/p>\n<p><iframe title=\"When Spain \ud83c\uddea\ud83c\uddf8 speaks, Europe \ud83c\uddea\ud83c\uddfa and the world listen\" width=\"500\" height=\"281\" src=\"https:\/\/www.youtube.com\/embed\/hV4WLxdSm1U?feature=oembed\" frameborder=\"0\" allow=\"accelerometer; autoplay; clipboard-write; encrypted-media; gyroscope; picture-in-picture; web-share\" referrerpolicy=\"strict-origin-when-cross-origin\" allowfullscreen><\/iframe><\/p>\n<p>We presented the results of one of the <strong>most ambitious studies<\/strong> conducted in <strong>Europe<\/strong> in recent years alongside <a tabindex=\"0\" href=\"https:\/\/www.linkedin.com\/company\/cluster17-espa%C3%B1a\/\" target=\"_self\" data-test-app-aware-link=\"\" rel=\"noopener\">Cluster17 Espa\u00f1a<\/a>, joining forty global speakers, <strong>ten nationalities<\/strong>, <strong>five hundred attendees<\/strong>, and <strong>eighty media outlets<\/strong>. The goal? To bridge the gap between citizens, institutions, and<strong> businesses through<\/strong> high-level <strong>keynotes<\/strong> and a parallel agenda designed to drive<strong> Europe\u2019s major transformations.<\/strong><\/p>\n<p><strong>Two Vice-Presidents<\/strong> of the <strong>European Commission<\/strong>, <a id=\"ember614\" tabindex=\"0\" href=\"https:\/\/www.linkedin.com\/in\/teresa-ribera-42a08b340\/\" target=\"_blank\" rel=\"noopener\">Teresa Ribera<\/a> and <a id=\"ember615\" tabindex=\"0\" href=\"https:\/\/www.linkedin.com\/in\/st%C3%A9phane-s%C3%A9journ%C3%A9-b3190848\/\" target=\"_blank\" rel=\"noopener\">St\u00e9phane S\u00e9journ\u00e9<\/a>, and a total of <strong>three European Commissioners<\/strong>; the<strong> President <\/strong>of the Government of Spain, <a id=\"ember616\" tabindex=\"0\" href=\"https:\/\/www.linkedin.com\/in\/pedrosanchezcastejon\/\" target=\"_blank\" rel=\"noopener\">Pedro S\u00e1nchez<\/a>, and the <strong>President of the People\u2019s Party<\/strong>, <a id=\"ember617\" tabindex=\"0\" href=\"https:\/\/www.linkedin.com\/in\/alberto-n%C3%BA%C3%B1ez-feij%C3%B3o-b5882658\/\" target=\"_blank\" rel=\"noopener\">Alberto N\u00fa\u00f1ez Feij\u00f3o<\/a>; the Vice-President of Spain, Yolanda D\u00edaz; <strong>three sitting ministers<\/strong> from <strong>European countries<\/strong> and a large group of <strong>former ministers<\/strong> with a global vision; MEPs like <a id=\"ember618\" tabindex=\"0\" href=\"https:\/\/www.linkedin.com\/in\/dolors-montserrat-75206313\/\" target=\"_blank\" rel=\"noopener\">Dolors Montserrat<\/a>, <a id=\"ember619\" tabindex=\"0\" href=\"https:\/\/www.linkedin.com\/in\/javi-l%C3%B3pez-eurodiputado\/\" target=\"_blank\" rel=\"noopener\">Javi L\u00f3pez<\/a>, M\u00edchel Szerba or <a id=\"ember620\" tabindex=\"0\" href=\"https:\/\/www.linkedin.com\/in\/borja-gim%C3%A9nez-larraz\/\" target=\"_blank\" rel=\"noopener\">Borja Gim\u00e9nez Larraz<\/a>; diplomats; and a strong representation of Presidents and CEOs from major companies and industries, including <a id=\"ember621\" tabindex=\"0\" href=\"https:\/\/www.linkedin.com\/in\/maarten-wetselaar-moeve\/\" target=\"_blank\" rel=\"noopener\">Maarten Wetselaar<\/a>, <a id=\"ember622\" tabindex=\"0\" href=\"https:\/\/www.linkedin.com\/in\/beatriz-corredor-sierra-5372215b\/\" target=\"_blank\" rel=\"noopener\">Beatriz Corredor Sierra<\/a>, <a id=\"ember623\" tabindex=\"0\" href=\"https:\/\/www.linkedin.com\/in\/fina-llad%C3%B3s-canela\/\" target=\"_blank\" rel=\"noopener\">Fina Llad\u00f3s Canela<\/a>, and <a id=\"ember624\" tabindex=\"0\" href=\"https:\/\/www.linkedin.com\/in\/benoittabaka\/\" target=\"_blank\" rel=\"noopener\">Benoit Tabaka<\/a>.<\/p>\n<p>We were also joined by <strong>ministers<\/strong> and <strong>former ministers<\/strong> from<strong> countries<\/strong> like Germany, Italy, Estonia, Slovakia, or the Prime Minister of Montenegro, as well as the<strong> President of the Government of Catalunya,<\/strong> <a id=\"ember625\" tabindex=\"0\" href=\"https:\/\/www.linkedin.com\/in\/salvador-illa-roca-34a80a1b\/\" target=\"_blank\" rel=\"noopener\">Salvador Illa Roca<\/a>, and the Mayor of Barcelona, <a id=\"ember626\" tabindex=\"0\" href=\"https:\/\/www.linkedin.com\/in\/jaumecollboni\/\" target=\"_blank\" rel=\"noopener\">Jaume Collboni Cuadrado<\/a>. Together, they accompanied us in a true milestone for building the European public conversation.<\/p>\n<p>It\u2019s<strong> been four decades<\/strong> since <strong>Spain<\/strong> joined the<strong> European Union<\/strong>. It took forty years to prove that we are no longer just \u2018following\u2019 the <strong>European conversation.<\/strong> <strong>POLITICO<\/strong> and <strong>beBartlet<\/strong> have teamed up to be <strong>architects of a new reality.<\/strong><\/p>\n<p>Because we are leading it.<\/p>\n<p>The<strong> European Pulse Forum<\/strong> by<strong> POLITICO<\/strong> and <strong>beBartlet<\/strong> is supported by <a tabindex=\"0\" href=\"https:\/\/www.linkedin.com\/company\/moeveglobal\/\" target=\"_self\" data-test-app-aware-link=\"\" rel=\"noopener\">Moeve<\/a>, <a tabindex=\"0\" href=\"https:\/\/www.linkedin.com\/company\/ajuntament-de-barcelona\/\" target=\"_self\" data-test-app-aware-link=\"\" rel=\"noopener\">Barcelona City Council<\/a>, <a tabindex=\"0\" href=\"https:\/\/www.linkedin.com\/company\/generalitat-de-catalunya\/\" target=\"_self\" data-test-app-aware-link=\"\" rel=\"noopener\">Generalitat de Catalunya<\/a>, <a tabindex=\"0\" href=\"https:\/\/www.linkedin.com\/company\/efpia\/\" target=\"_self\" data-test-app-aware-link=\"\" rel=\"noopener\">EFPIA &#8211; European Federation of Pharmaceutical Industries and Associations<\/a>, <a tabindex=\"0\" href=\"https:\/\/www.linkedin.com\/company\/google\/\" target=\"_self\" data-test-app-aware-link=\"\" rel=\"noopener\">Google<\/a>, <a tabindex=\"0\" href=\"https:\/\/www.linkedin.com\/company\/redeia\/\" target=\"_self\" data-test-app-aware-link=\"\" rel=\"noopener\">Redeia<\/a>, and <a tabindex=\"0\" href=\"https:\/\/www.linkedin.com\/company\/fundlacaixa\/\" target=\"_self\" data-test-app-aware-link=\"\" rel=\"noopener\">Fundaci\u00f3n \u201dla Caixa\u201d<\/a>.<\/p>\n<p><img fetchpriority=\"high\" decoding=\"async\" src=\"https:\/\/bebartlet.com\/wp-content\/uploads\/2026\/04\/1775896114339-1024x1024.jpeg\" sizes=\"(max-width: 1024px) 100vw, 1024px\" srcset=\"https:\/\/bebartlet.com\/wp-content\/uploads\/2026\/04\/1775896114339-1024x1024.jpeg 1024w, https:\/\/bebartlet.com\/wp-content\/uploads\/2026\/04\/1775896114339-300x300.jpeg 300w, https:\/\/bebartlet.com\/wp-content\/uploads\/2026\/04\/1775896114339-150x150.jpeg 150w, https:\/\/bebartlet.com\/wp-content\/uploads\/2026\/04\/1775896114339-768x768.jpeg 768w\" alt=\"\" width=\"1024\" height=\"1024\" \/><br \/>\n<img decoding=\"async\" src=\"https:\/\/bebartlet.com\/wp-content\/uploads\/2026\/04\/1775896107202-1024x1024.jpeg\" sizes=\"(max-width: 1024px) 100vw, 1024px\" srcset=\"https:\/\/bebartlet.com\/wp-content\/uploads\/2026\/04\/1775896107202-1024x1024.jpeg 1024w, https:\/\/bebartlet.com\/wp-content\/uploads\/2026\/04\/1775896107202-300x300.jpeg 300w, https:\/\/bebartlet.com\/wp-content\/uploads\/2026\/04\/1775896107202-150x150.jpeg 150w, https:\/\/bebartlet.com\/wp-content\/uploads\/2026\/04\/1775896107202-768x768.jpeg 768w\" alt=\"\" width=\"1024\" height=\"1024\" \/><br \/>\n<img decoding=\"async\" src=\"https:\/\/bebartlet.com\/wp-content\/uploads\/2026\/04\/1775896122446-1024x1024.jpeg\" sizes=\"(max-width: 1024px) 100vw, 1024px\" srcset=\"https:\/\/bebartlet.com\/wp-content\/uploads\/2026\/04\/1775896122446-1024x1024.jpeg 1024w, https:\/\/bebartlet.com\/wp-content\/uploads\/2026\/04\/1775896122446-300x300.jpeg 300w, https:\/\/bebartlet.com\/wp-content\/uploads\/2026\/04\/1775896122446-150x150.jpeg 150w, https:\/\/bebartlet.com\/wp-content\/uploads\/2026\/04\/1775896122446-768x768.jpeg 768w\" alt=\"\" width=\"1024\" height=\"1024\" \/><br \/>\n<img loading=\"lazy\" decoding=\"async\" src=\"https:\/\/bebartlet.com\/wp-content\/uploads\/2026\/04\/1775896088967-1024x1024.jpeg\" sizes=\"(max-width: 1024px) 100vw, 1024px\" srcset=\"https:\/\/bebartlet.com\/wp-content\/uploads\/2026\/04\/1775896088967-1024x1024.jpeg 1024w, https:\/\/bebartlet.com\/wp-content\/uploads\/2026\/04\/1775896088967-300x300.jpeg 300w, https:\/\/bebartlet.com\/wp-content\/uploads\/2026\/04\/1775896088967-150x150.jpeg 150w, https:\/\/bebartlet.com\/wp-content\/uploads\/2026\/04\/1775896088967-768x768.jpeg 768w\" alt=\"\" width=\"1024\" height=\"1024\" \/><\/p>\n","protected":false},"excerpt":{"rendered":"<p>When Spain\u00a0speaks, Europe\u00a0and the world listen. That was one of the key takeaways from this week\u2019s European Pulse Forum by POLITICO and beBartlet in Barcelona. We presented the results of one of the most ambitious studies conducted in Europe in recent years alongside Cluster17 Espa\u00f1a, joining forty global speakers, ten nationalities, five hundred attendees, and [&hellip;]<\/p>\n","protected":false},"author":10,"featured_media":14863,"comment_status":"closed","ping_status":"open","sticky":false,"template":"","format":"standard","meta":{"footnotes":""},"categories":[13],"tags":[],"class_list":["post-14862","post","type-post","status-publish","format-standard","has-post-thumbnail","hentry","category-bebartlet"],"_links":{"self":[{"href":"https:\/\/bebartlet.com\/pt-pt\/wp-json\/wp\/v2\/posts\/14862","targetHints":{"allow":["GET"]}}],"collection":[{"href":"https:\/\/bebartlet.com\/pt-pt\/wp-json\/wp\/v2\/posts"}],"about":[{"href":"https:\/\/bebartlet.com\/pt-pt\/wp-json\/wp\/v2\/types\/post"}],"author":[{"embeddable":true,"href":"https:\/\/bebartlet.com\/pt-pt\/wp-json\/wp\/v2\/users\/10"}],"replies":[{"embeddable":true,"href":"https:\/\/bebartlet.com\/pt-pt\/wp-json\/wp\/v2\/comments?post=14862"}],"version-history":[{"count":12,"href":"https:\/\/bebartlet.com\/pt-pt\/wp-json\/wp\/v2\/posts\/14862\/revisions"}],"predecessor-version":[{"id":15713,"href":"https:\/\/bebartlet.com\/pt-pt\/wp-json\/wp\/v2\/posts\/14862\/revisions\/15713"}],"wp:featuredmedia":[{"embeddable":true,"href":"https:\/\/bebartlet.com\/pt-pt\/wp-json\/wp\/v2\/media\/14863"}],"wp:attachment":[{"href":"https:\/\/bebartlet.com\/pt-pt\/wp-json\/wp\/v2\/media?parent=14862"}],"wp:term":[{"taxonomy":"category","embeddable":true,"href":"https:\/\/bebartlet.com\/pt-pt\/wp-json\/wp\/v2\/categories?post=14862"},{"taxonomy":"post_tag","embeddable":true,"href":"https:\/\/bebartlet.com\/pt-pt\/wp-json\/wp\/v2\/tags?post=14862"}],"curies":[{"name":"wp","href":"https:\/\/api.w.org\/{rel}","templated":true}]}}