{"id":15395,"date":"2026-05-14T12:01:46","date_gmt":"2026-05-14T10:01:46","guid":{"rendered":"https:\/\/bebartlet.com\/?p=15395"},"modified":"2026-05-15T12:05:43","modified_gmt":"2026-05-15T10:05:43","slug":"foro-mediterraneo-adrian-jofre-bosch-nacho-corredor-bebartlet","status":"publish","type":"post","link":"https:\/\/bebartlet.com\/pt-pt\/foro-mediterraneo-adrian-jofre-bosch-nacho-corredor-bebartlet\/","title":{"rendered":"Foro del Mediterr\u00e1neo: el centro de gravedad de nuestra nueva autonom\u00eda estrat\u00e9gica europea"},"content":{"rendered":"<p data-rm-block-id=\"block-1\">Hoy se ha presentado la tercera edici\u00f3n del Foro Econ\u00f3mico y Social del Mediterr\u00e1neo de <a class=\"xRPuXKfUpBkIORjMpZxQAvTEeNvfshyBJs \" tabindex=\"0\" href=\"https:\/\/www.linkedin.com\/company\/prensaiberica\/\" target=\"_self\" data-test-app-aware-link=\"\" rel=\"noopener\">Prensa Ib\u00e9rica<\/a> y la <a class=\"xRPuXKfUpBkIORjMpZxQAvTEeNvfshyBJs \" tabindex=\"0\" href=\"https:\/\/www.linkedin.com\/company\/fundlacaixa\/\" target=\"_self\" data-test-app-aware-link=\"\" rel=\"noopener\">Fundaci\u00f3n \u201dla Caixa\u201d<\/a> y del que, un a\u00f1o m\u00e1s, en beBartlet somos socios impulsores. Adrian Jofre Bosch y Nacho Corredor, socios de beBartlet, han participado en la presentaci\u00f3n.<\/p>\n<p>El Mediterr\u00e1neo y sus prioridades son la estabilidad de Europa: no hay una Europa segura sin un Mediterr\u00e1neo estable. El Mediterr\u00e1neo representa el 20% del tr\u00e1fico mar\u00edtimo mundial y el 30% del comercio de petr\u00f3leo y gas, y constituye el principal puente de conexi\u00f3n entre Europa y el Norte de \u00c1frica, siendo determinante para la autonom\u00eda energ\u00e9tica europea, destacando la interconexi\u00f3n a trav\u00e9s del hidr\u00f3geno verde, as\u00ed como su papel en el \u00e1mbito digital, al albergar infraestructuras de conexi\u00f3n fundamentales para la soberan\u00eda de datos europea.<\/p>\n<p>Un espacio, en palabras de <a id=\"ember951\" class=\"ember-view\" tabindex=\"0\" href=\"https:\/\/www.linkedin.com\/in\/sergi-loughney-1b181740\/\" target=\"_blank\" rel=\"noopener\">Sergi Loughney<\/a>, para pasar de la esperanza a la acci\u00f3n y que, en palabras de <a id=\"ember952\" class=\"ember-view\" tabindex=\"0\" href=\"https:\/\/www.linkedin.com\/in\/aitor-moll-sarasola-02999122\/\" target=\"_blank\" rel=\"noopener\">Aitor Moll Sarasola<\/a>, debe contribuir a tener una voz propia basada en la cooperaci\u00f3n, en la capacidad de generar prosperidad y en una manera de entender el desarrollo donde la econom\u00eda y el progreso social deben avanzar juntos.<\/p>\n<p>El Foro del Mediterr\u00e1neo quiere contribuir a que la agenda europea no se escriba solo desde Bruselas, sino desde la realidad de un mar que conecta tres continentes y define nuestro futuro compartido. El Mediterr\u00e1neo no es el l\u00edmite sur de Europa, sino el centro de gravedad de nuestra nueva autonom\u00eda estrat\u00e9gica.<\/p>\n<p>Ser\u00e1 los pr\u00f3ximos 17 y 18 de junio en Barcelona.<\/p>\n<p>&nbsp;<\/p>\n<p>&nbsp;<\/p>\n","protected":false},"excerpt":{"rendered":"<p>Hoy se ha presentado la tercera edici\u00f3n del Foro Econ\u00f3mico y Social del Mediterr\u00e1neo de Prensa Ib\u00e9rica y la Fundaci\u00f3n \u201dla Caixa\u201d y del que, un a\u00f1o m\u00e1s, en beBartlet somos socios impulsores. Adrian Jofre Bosch y Nacho Corredor, socios de beBartlet, han participado en la presentaci\u00f3n. El Mediterr\u00e1neo y sus prioridades son la estabilidad [&hellip;]<\/p>\n","protected":false},"author":5,"featured_media":15397,"comment_status":"closed","ping_status":"open","sticky":false,"template":"","format":"standard","meta":{"footnotes":""},"categories":[13],"tags":[],"class_list":["post-15395","post","type-post","status-publish","format-standard","has-post-thumbnail","hentry","category-bebartlet"],"_links":{"self":[{"href":"https:\/\/bebartlet.com\/pt-pt\/wp-json\/wp\/v2\/posts\/15395","targetHints":{"allow":["GET"]}}],"collection":[{"href":"https:\/\/bebartlet.com\/pt-pt\/wp-json\/wp\/v2\/posts"}],"about":[{"href":"https:\/\/bebartlet.com\/pt-pt\/wp-json\/wp\/v2\/types\/post"}],"author":[{"embeddable":true,"href":"https:\/\/bebartlet.com\/pt-pt\/wp-json\/wp\/v2\/users\/5"}],"replies":[{"embeddable":true,"href":"https:\/\/bebartlet.com\/pt-pt\/wp-json\/wp\/v2\/comments?post=15395"}],"version-history":[{"count":3,"href":"https:\/\/bebartlet.com\/pt-pt\/wp-json\/wp\/v2\/posts\/15395\/revisions"}],"predecessor-version":[{"id":15399,"href":"https:\/\/bebartlet.com\/pt-pt\/wp-json\/wp\/v2\/posts\/15395\/revisions\/15399"}],"wp:featuredmedia":[{"embeddable":true,"href":"https:\/\/bebartlet.com\/pt-pt\/wp-json\/wp\/v2\/media\/15397"}],"wp:attachment":[{"href":"https:\/\/bebartlet.com\/pt-pt\/wp-json\/wp\/v2\/media?parent=15395"}],"wp:term":[{"taxonomy":"category","embeddable":true,"href":"https:\/\/bebartlet.com\/pt-pt\/wp-json\/wp\/v2\/categories?post=15395"},{"taxonomy":"post_tag","embeddable":true,"href":"https:\/\/bebartlet.com\/pt-pt\/wp-json\/wp\/v2\/tags?post=15395"}],"curies":[{"name":"wp","href":"https:\/\/api.w.org\/{rel}","templated":true}]}}