{"id":15434,"date":"2026-05-20T19:04:59","date_gmt":"2026-05-20T17:04:59","guid":{"rendered":"https:\/\/bebartlet.com\/?p=15434"},"modified":"2026-06-05T22:14:37","modified_gmt":"2026-06-05T20:14:37","slug":"reveler-le-pouls-de-leurope%f0%9f%87%ab%f0%9f%87%b7%f0%9f%87%aa%f0%9f%87%ba","status":"publish","type":"post","link":"https:\/\/bebartlet.com\/pt-pt\/reveler-le-pouls-de-leurope%f0%9f%87%ab%f0%9f%87%b7%f0%9f%87%aa%f0%9f%87%ba\/","title":{"rendered":"European Pulse Forum 2026: R\u00e9v\u00e9ler le pouls de l&#8217;Europe avec l&#8217;ambassade de France"},"content":{"rendered":"<p>R\u00e9v\u00e9ler le pouls de l&#8217;<strong>Europe<\/strong>\ud83c\uddeb\ud83c\uddf7\ud83c\uddea\ud83c\uddfa<\/p>\n<p>Hier, nous avons <strong>pr\u00e9sent\u00e9 les conclusions<\/strong> du <a class=\"FKyocrvdHTmXJYHwpsduaRvwAwAYlEPwcrFzY \" tabindex=\"0\" href=\"https:\/\/www.linkedin.com\/search\/results\/all\/?keywords=%23europeanpulseforum2026&amp;origin=HASH_TAG_FROM_FEED\" data-test-app-aware-link=\"\" target=\"_blank\" rel=\"noopener\"><span aria-hidden=\"true\">#<\/span>EuropeanPulseForum2026<\/a> \u00e0 Madrid, en collaboration avec l&#8217;<strong>ambassade de France<\/strong>.<\/p>\n<p>Une <strong>conclusion principale<\/strong> : il existe un demos europ\u00e9en et des <strong>preuves scientifiques<\/strong> porteuses d&#8217;espoir.<\/p>\n<p>Une session d&#8217;\u00e9change de connaissances sur l&#8217;<strong>autonomie strat\u00e9gique<\/strong>, la technologie et la d\u00e9fense.<\/p>\n","protected":false},"excerpt":{"rendered":"<p>R\u00e9v\u00e9ler le pouls de l&#8217;Europe\ud83c\uddeb\ud83c\uddf7\ud83c\uddea\ud83c\uddfa Hier, nous avons pr\u00e9sent\u00e9 les conclusions du #EuropeanPulseForum2026 \u00e0 Madrid, en collaboration avec l&#8217;ambassade de France. Une conclusion principale : il existe un demos europ\u00e9en et des preuves scientifiques porteuses d&#8217;espoir. Une session d&#8217;\u00e9change de connaissances sur l&#8217;autonomie strat\u00e9gique, la technologie et la d\u00e9fense.<\/p>\n","protected":false},"author":10,"featured_media":15435,"comment_status":"closed","ping_status":"open","sticky":false,"template":"","format":"standard","meta":{"footnotes":""},"categories":[13],"tags":[1059,1058],"class_list":["post-15434","post","type-post","status-publish","format-standard","has-post-thumbnail","hentry","category-bebartlet","tag-ambassade-de-france","tag-autonomie-strategique"],"_links":{"self":[{"href":"https:\/\/bebartlet.com\/pt-pt\/wp-json\/wp\/v2\/posts\/15434","targetHints":{"allow":["GET"]}}],"collection":[{"href":"https:\/\/bebartlet.com\/pt-pt\/wp-json\/wp\/v2\/posts"}],"about":[{"href":"https:\/\/bebartlet.com\/pt-pt\/wp-json\/wp\/v2\/types\/post"}],"author":[{"embeddable":true,"href":"https:\/\/bebartlet.com\/pt-pt\/wp-json\/wp\/v2\/users\/10"}],"replies":[{"embeddable":true,"href":"https:\/\/bebartlet.com\/pt-pt\/wp-json\/wp\/v2\/comments?post=15434"}],"version-history":[{"count":4,"href":"https:\/\/bebartlet.com\/pt-pt\/wp-json\/wp\/v2\/posts\/15434\/revisions"}],"predecessor-version":[{"id":15472,"href":"https:\/\/bebartlet.com\/pt-pt\/wp-json\/wp\/v2\/posts\/15434\/revisions\/15472"}],"wp:featuredmedia":[{"embeddable":true,"href":"https:\/\/bebartlet.com\/pt-pt\/wp-json\/wp\/v2\/media\/15435"}],"wp:attachment":[{"href":"https:\/\/bebartlet.com\/pt-pt\/wp-json\/wp\/v2\/media?parent=15434"}],"wp:term":[{"taxonomy":"category","embeddable":true,"href":"https:\/\/bebartlet.com\/pt-pt\/wp-json\/wp\/v2\/categories?post=15434"},{"taxonomy":"post_tag","embeddable":true,"href":"https:\/\/bebartlet.com\/pt-pt\/wp-json\/wp\/v2\/tags?post=15434"}],"curies":[{"name":"wp","href":"https:\/\/api.w.org\/{rel}","templated":true}]}}