{"id":15668,"date":"2026-07-09T16:58:27","date_gmt":"2026-07-09T14:58:27","guid":{"rendered":"https:\/\/bebartlet.com\/?p=15668"},"modified":"2026-07-09T17:52:40","modified_gmt":"2026-07-09T15:52:40","slug":"despues-de-enfrentarse-con-trump-e-israel-sanchez-presenta-a-espana-como-un-modelo-moral-para-la-ue","status":"publish","type":"post","link":"https:\/\/bebartlet.com\/pt-pt\/despues-de-enfrentarse-con-trump-e-israel-sanchez-presenta-a-espana-como-un-modelo-moral-para-la-ue\/","title":{"rendered":"Despu\u00e9s de enfrentarse con Trump e Israel, S\u00e1nchez presenta a Espa\u00f1a como un modelo moral para la UE"},"content":{"rendered":"\t\t<div data-elementor-type=\"wp-post\" data-elementor-id=\"15668\" class=\"elementor elementor-15668\" data-elementor-post-type=\"post\">\n\t\t\t\t\t\t<section class=\"elementor-section elementor-top-section elementor-element elementor-element-6cd86baa elementor-section-boxed elementor-section-height-default elementor-section-height-default\" data-id=\"6cd86baa\" data-element_type=\"section\" data-e-type=\"section\">\n\t\t\t\t\t\t<div class=\"elementor-container elementor-column-gap-default\">\n\t\t\t\t\t<div class=\"aux-parallax-section elementor-column elementor-col-100 elementor-top-column elementor-element elementor-element-500d1d9d\" data-id=\"500d1d9d\" data-element_type=\"column\" data-e-type=\"column\">\n\t\t\t<div class=\"elementor-widget-wrap elementor-element-populated\">\n\t\t\t\t\t\t<div class=\"elementor-element elementor-element-487b642f elementor-widget elementor-widget-text-editor\" data-id=\"487b642f\" data-element_type=\"widget\" data-e-type=\"widget\" data-widget_type=\"text-editor.default\">\n\t\t\t\t<div class=\"elementor-widget-container\">\n\t\t\t\t\t\t\t\t\tPedro S\u00e1nchez afirm\u00f3 en el European Pulse Forum, organizado por POLITICO y beBartlet, que Europa debe convertirse en un l\u00edder moral ante el repliegue de Estados Unidos en la cooperaci\u00f3n internacional y present\u00f3 a Espa\u00f1a como un modelo de crecimiento econ\u00f3mico, transici\u00f3n energ\u00e9tica y cohesi\u00f3n social. Tambi\u00e9n pidi\u00f3 reforzar la defensa europea y suspender el acuerdo de cooperaci\u00f3n con Israel por su actuaci\u00f3n en Gaza. Adem\u00e1s, reivindic\u00f3 los logros de la Uni\u00f3n Europea y apost\u00f3 por una mayor inversi\u00f3n social como clave para el futuro del continente.\n\n&nbsp;\t\t\t\t\t\t\t\t<\/div>\n\t\t\t\t<\/div>\n\t\t\t\t\t<\/div>\n\t\t<\/div>\n\t\t\t\t\t<\/div>\n\t\t<\/section>\n\t\t\t\t<section class=\"elementor-section elementor-top-section elementor-element elementor-element-652fb5b elementor-section-boxed elementor-section-height-default elementor-section-height-default\" data-id=\"652fb5b\" data-element_type=\"section\" data-e-type=\"section\">\n\t\t\t\t\t\t<div class=\"elementor-container elementor-column-gap-default\">\n\t\t\t\t\t<div class=\"aux-parallax-section elementor-column elementor-col-100 elementor-top-column elementor-element elementor-element-66b61a3\" data-id=\"66b61a3\" data-element_type=\"column\" data-e-type=\"column\">\n\t\t\t<div class=\"elementor-widget-wrap elementor-element-populated\">\n\t\t\t\t\t\t<div class=\"elementor-element elementor-element-0ef0aa1 elementor-widget elementor-widget-button\" data-id=\"0ef0aa1\" data-element_type=\"widget\" data-e-type=\"widget\" data-widget_type=\"button.default\">\n\t\t\t\t<div class=\"elementor-widget-container\">\n\t\t\t\t\t\t\t\t\t<div class=\"elementor-button-wrapper\">\n\t\t\t\t\t<a class=\"elementor-button elementor-button-link elementor-size-sm\" href=\"https:\/\/www.politico.eu\/article\/sanchez-casts-spain-moral-model-eu-clash-trump-israel\/\" target=\"_blank\" rel=\"noopener\">\n\t\t\t\t\t\t<span class=\"elementor-button-content-wrapper\">\n\t\t\t\t\t\t\t\t\t<span class=\"elementor-button-text\">Ver noticia<\/span>\n\t\t\t\t\t<\/span>\n\t\t\t\t\t<\/a>\n\t\t\t\t<\/div>\n\t\t\t\t\t\t\t\t<\/div>\n\t\t\t\t<\/div>\n\t\t\t\t\t<\/div>\n\t\t<\/div>\n\t\t\t\t\t<\/div>\n\t\t<\/section>\n\t\t\t\t<\/div>\n\t\t","protected":false},"excerpt":{"rendered":"<p>Pedro S\u00e1nchez afirm\u00f3 en el European Pulse Forum, organizado por POLITICO y beBartlet, que Europa debe convertirse en un l\u00edder moral ante el repliegue de Estados Unidos en la cooperaci\u00f3n internacional y present\u00f3 a Espa\u00f1a como un modelo de crecimiento econ\u00f3mico, transici\u00f3n energ\u00e9tica y cohesi\u00f3n social. Tambi\u00e9n pidi\u00f3 reforzar la defensa europea y suspender el [&hellip;]<\/p>\n","protected":false},"author":10,"featured_media":15669,"comment_status":"closed","ping_status":"open","sticky":false,"template":"","format":"standard","meta":{"footnotes":""},"categories":[1098,15],"tags":[],"class_list":["post-15668","post","type-post","status-publish","format-standard","has-post-thumbnail","hentry","category-politico","category-prensa"],"_links":{"self":[{"href":"https:\/\/bebartlet.com\/pt-pt\/wp-json\/wp\/v2\/posts\/15668","targetHints":{"allow":["GET"]}}],"collection":[{"href":"https:\/\/bebartlet.com\/pt-pt\/wp-json\/wp\/v2\/posts"}],"about":[{"href":"https:\/\/bebartlet.com\/pt-pt\/wp-json\/wp\/v2\/types\/post"}],"author":[{"embeddable":true,"href":"https:\/\/bebartlet.com\/pt-pt\/wp-json\/wp\/v2\/users\/10"}],"replies":[{"embeddable":true,"href":"https:\/\/bebartlet.com\/pt-pt\/wp-json\/wp\/v2\/comments?post=15668"}],"version-history":[{"count":4,"href":"https:\/\/bebartlet.com\/pt-pt\/wp-json\/wp\/v2\/posts\/15668\/revisions"}],"predecessor-version":[{"id":15681,"href":"https:\/\/bebartlet.com\/pt-pt\/wp-json\/wp\/v2\/posts\/15668\/revisions\/15681"}],"wp:featuredmedia":[{"embeddable":true,"href":"https:\/\/bebartlet.com\/pt-pt\/wp-json\/wp\/v2\/media\/15669"}],"wp:attachment":[{"href":"https:\/\/bebartlet.com\/pt-pt\/wp-json\/wp\/v2\/media?parent=15668"}],"wp:term":[{"taxonomy":"category","embeddable":true,"href":"https:\/\/bebartlet.com\/pt-pt\/wp-json\/wp\/v2\/categories?post=15668"},{"taxonomy":"post_tag","embeddable":true,"href":"https:\/\/bebartlet.com\/pt-pt\/wp-json\/wp\/v2\/tags?post=15668"}],"curies":[{"name":"wp","href":"https:\/\/api.w.org\/{rel}","templated":true}]}}