{"id":16339,"date":"2026-04-23T13:14:18","date_gmt":"2026-04-23T11:14:18","guid":{"rendered":"https:\/\/bebartlet.com\/la-portavoz-del-gobierno-y-ministra-de-inclusion-seguridad-social-y-migraciones-elma-saiz-hoy-en-la-sede-de-bebartlet\/"},"modified":"2026-04-23T13:14:18","modified_gmt":"2026-04-23T11:14:18","slug":"la-portavoz-del-gobierno-y-ministra-de-inclusion-seguridad-social-y-migraciones-elma-saiz-hoy-en-la-sede-de-bebartlet","status":"publish","type":"post","link":"https:\/\/bebartlet.com\/pt-pt\/la-portavoz-del-gobierno-y-ministra-de-inclusion-seguridad-social-y-migraciones-elma-saiz-hoy-en-la-sede-de-bebartlet\/","title":{"rendered":"La Portavoz del Gobierno y ministra de Inclusi\u00f3n, Seguridad Social y Migraciones, Elma Saiz, hoy, en la sede de beBartlet"},"content":{"rendered":"<p>La <strong>Portavoz del Gobierno y ministra de Inclusi\u00f3n<\/strong>, <strong>Seguridad Social<\/strong> y <strong>Migraciones<\/strong>,<strong> Elma Saiz,<\/strong> hoy, en la sede de <strong>beBartlet<\/strong>. Un an\u00e1lisis sobre<strong> econom\u00eda<\/strong>, <strong>trabajo<\/strong> y <strong>Estado de bienestar<\/strong> junto a directivos empresariales y del tercer sector.<\/p>\n<p>\ud83d\udccdEn Madrid.<\/p>\n","protected":false},"excerpt":{"rendered":"<p>La Portavoz del Gobierno y ministra de Inclusi\u00f3n, Seguridad Social y Migraciones, Elma Saiz, hoy, en la sede de beBartlet. Un an\u00e1lisis sobre econom\u00eda, trabajo y Estado de bienestar junto a directivos empresariales y del tercer sector. \ud83d\udccdEn Madrid.<\/p>\n","protected":false},"author":10,"featured_media":16340,"comment_status":"closed","ping_status":"open","sticky":false,"template":"","format":"standard","meta":{"footnotes":""},"categories":[1115],"tags":[1157,1177,1178,1179,1180,1181],"class_list":["post-16339","post","type-post","status-publish","format-standard","has-post-thumbnail","hentry","category-bebartlet-pt","tag-bebartlet","tag-elma-saiz","tag-gobierno","tag-ministra-de-inclusion","tag-minsitra","tag-portavoz"],"_links":{"self":[{"href":"https:\/\/bebartlet.com\/pt-pt\/wp-json\/wp\/v2\/posts\/16339","targetHints":{"allow":["GET"]}}],"collection":[{"href":"https:\/\/bebartlet.com\/pt-pt\/wp-json\/wp\/v2\/posts"}],"about":[{"href":"https:\/\/bebartlet.com\/pt-pt\/wp-json\/wp\/v2\/types\/post"}],"author":[{"embeddable":true,"href":"https:\/\/bebartlet.com\/pt-pt\/wp-json\/wp\/v2\/users\/10"}],"replies":[{"embeddable":true,"href":"https:\/\/bebartlet.com\/pt-pt\/wp-json\/wp\/v2\/comments?post=16339"}],"version-history":[{"count":0,"href":"https:\/\/bebartlet.com\/pt-pt\/wp-json\/wp\/v2\/posts\/16339\/revisions"}],"wp:featuredmedia":[{"embeddable":true,"href":"https:\/\/bebartlet.com\/pt-pt\/wp-json\/wp\/v2\/media\/16340"}],"wp:attachment":[{"href":"https:\/\/bebartlet.com\/pt-pt\/wp-json\/wp\/v2\/media?parent=16339"}],"wp:term":[{"taxonomy":"category","embeddable":true,"href":"https:\/\/bebartlet.com\/pt-pt\/wp-json\/wp\/v2\/categories?post=16339"},{"taxonomy":"post_tag","embeddable":true,"href":"https:\/\/bebartlet.com\/pt-pt\/wp-json\/wp\/v2\/tags?post=16339"}],"curies":[{"name":"wp","href":"https:\/\/api.w.org\/{rel}","templated":true}]}}