{"id":16353,"date":"2026-04-02T12:01:38","date_gmt":"2026-04-02T10:01:38","guid":{"rendered":"https:\/\/bebartlet.com\/stephane-sejourne-and-kristina-kallas-newly-confirmed-for-the-european-pulse-forum-by-politico-and-bebartlet\/"},"modified":"2026-04-02T12:01:38","modified_gmt":"2026-04-02T10:01:38","slug":"stephane-sejourne-and-kristina-kallas-newly-confirmed-for-the-european-pulse-forum-by-politico-and-bebartlet","status":"publish","type":"post","link":"https:\/\/bebartlet.com\/pt-pt\/stephane-sejourne-and-kristina-kallas-newly-confirmed-for-the-european-pulse-forum-by-politico-and-bebartlet\/","title":{"rendered":"St\u00e9phane S\u00e9journ\u00e9 and Kristina Kallas, newly confirmed for the European Pulse Forum by POLITICO and beBartlet."},"content":{"rendered":"<p data-path-to-node=\"0\"><strong>St\u00e9phane S\u00e9journ\u00e9 \ud83c\uddeb\ud83c\uddf7 and Kristina Kallas<\/strong> \ud83c\uddea\ud83c\uddea have <strong>been confirmed as the newest speakers<\/strong> for the European Pulse Forum by POLITICO and beBartlet.<\/p>\n<p data-path-to-node=\"1\">The <strong>European Commission\u2019s Executive Vice-President for Prosperity and Industrial Strategy<\/strong> and <strong>Estonia\u2019s Minister of Education join the global panel of participants for our annual conference,<\/strong> taking place <strong>on April 9 and 10 in Barcelona<\/strong>.<\/p>\n<p>Over <strong>forty international speakers and 400 participants from Spain and around the world<\/strong> will share a special milestone this upcoming April 9 and 10 in Barcelona, at a decisive moment for the world \ud83c\uddea\ud83c\uddfa \ud83c\uddea\ud83c\uddf8 \ud83c\uddeb\ud83c\uddf7 \ud83c\uddee\ud83c\uddf9 \ud83c\udde9\ud83c\uddea \ud83c\uddf8\ud83c\uddf0 \ud83c\uddea\ud83c\uddea \ud83c\uddfa\ud83c\udde6 \ud83c\uddfa\ud83c\uddf8<\/p>\n<p>The <strong>European Pulse Forum, the most impactful international forum held in Spain<\/strong>, is <strong>an initiative by POLITICO and beBartlet<\/strong>, <strong>supported<\/strong> by Moeve, Ajuntament de Barcelona, Generalitat de Catalunya, Redeia, EFPIA &#8211; European Federation of Pharmaceutical Industries and Associations, Google and Fundaci\u00f3n \u201dla Caixa\u201d.<\/p>\n<p data-path-to-node=\"1\">\n","protected":false},"excerpt":{"rendered":"<p>St\u00e9phane S\u00e9journ\u00e9 \ud83c\uddeb\ud83c\uddf7 and Kristina Kallas \ud83c\uddea\ud83c\uddea have been confirmed as the newest speakers for the European Pulse Forum by POLITICO and beBartlet. The European Commission\u2019s Executive Vice-President for Prosperity and Industrial Strategy and Estonia\u2019s Minister of Education join the global panel of participants for our annual conference, taking place on April 9 and 10 [&hellip;]<\/p>\n","protected":false},"author":8,"featured_media":16354,"comment_status":"closed","ping_status":"open","sticky":false,"template":"","format":"standard","meta":{"footnotes":""},"categories":[1115],"tags":[1157,1192,1193,1194],"class_list":["post-16353","post","type-post","status-publish","format-standard","has-post-thumbnail","hentry","category-bebartlet-pt","tag-bebartlet","tag-kallas","tag-politico","tag-sejourne"],"_links":{"self":[{"href":"https:\/\/bebartlet.com\/pt-pt\/wp-json\/wp\/v2\/posts\/16353","targetHints":{"allow":["GET"]}}],"collection":[{"href":"https:\/\/bebartlet.com\/pt-pt\/wp-json\/wp\/v2\/posts"}],"about":[{"href":"https:\/\/bebartlet.com\/pt-pt\/wp-json\/wp\/v2\/types\/post"}],"author":[{"embeddable":true,"href":"https:\/\/bebartlet.com\/pt-pt\/wp-json\/wp\/v2\/users\/8"}],"replies":[{"embeddable":true,"href":"https:\/\/bebartlet.com\/pt-pt\/wp-json\/wp\/v2\/comments?post=16353"}],"version-history":[{"count":0,"href":"https:\/\/bebartlet.com\/pt-pt\/wp-json\/wp\/v2\/posts\/16353\/revisions"}],"wp:featuredmedia":[{"embeddable":true,"href":"https:\/\/bebartlet.com\/pt-pt\/wp-json\/wp\/v2\/media\/16354"}],"wp:attachment":[{"href":"https:\/\/bebartlet.com\/pt-pt\/wp-json\/wp\/v2\/media?parent=16353"}],"wp:term":[{"taxonomy":"category","embeddable":true,"href":"https:\/\/bebartlet.com\/pt-pt\/wp-json\/wp\/v2\/categories?post=16353"},{"taxonomy":"post_tag","embeddable":true,"href":"https:\/\/bebartlet.com\/pt-pt\/wp-json\/wp\/v2\/tags?post=16353"}],"curies":[{"name":"wp","href":"https:\/\/api.w.org\/{rel}","templated":true}]}}