{"id":16391,"date":"2025-11-25T10:14:27","date_gmt":"2025-11-25T09:14:27","guid":{"rendered":"https:\/\/bebartlet.com\/el-dialogo-social-en-la-sede-de-bebartlet\/"},"modified":"2025-11-25T10:14:27","modified_gmt":"2025-11-25T09:14:27","slug":"el-dialogo-social-en-la-sede-de-bebartlet","status":"publish","type":"post","link":"https:\/\/bebartlet.com\/pt-pt\/el-dialogo-social-en-la-sede-de-bebartlet\/","title":{"rendered":"El di\u00e1logo social, en la sede de beBartlet"},"content":{"rendered":"<p>El <strong>di\u00e1logo social<\/strong>, en la sede de <strong>beBartlet<\/strong>.<\/p>\n<p>El <strong>sector retail afronta desaf\u00edos vinculados<\/strong> a los\u00a0costes crecientes, automatizaci\u00f3n y nuevos h\u00e1bitos de compra.<\/p>\n<p><strong>Generamos<\/strong> consensos junto a sindicatos, instituciones, <strong>empresas y acad\u00e9micos<\/strong> los desaf\u00edos c\u00f3mo adaptar el modelo laboral, <strong>incrementando la productividad y sostenibilidad.<\/strong><\/p>\n<p><a class=\"NSMFYicDXqFhgBtLiIgLACUsCNPHaifjL \" tabindex=\"0\" href=\"https:\/\/www.linkedin.com\/search\/results\/all\/?keywords=%23misi%C3%B3n_bb&amp;origin=HASH_TAG_FROM_FEED\" data-test-app-aware-link=\"\" target=\"_blank\" rel=\"noopener\"><span aria-hidden=\"true\">#<\/span>Misi\u00f3n_bB<\/a> Contrato Social es una iniciativa de<strong> beBartlet <\/strong>con el apoyo de LA DISTRIBUCI\u00d3N ANGED.<\/p>\n","protected":false},"excerpt":{"rendered":"<p>El di\u00e1logo social, en la sede de beBartlet. El sector retail afronta desaf\u00edos vinculados a los\u00a0costes crecientes, automatizaci\u00f3n y nuevos h\u00e1bitos de compra. Generamos consensos junto a sindicatos, instituciones, empresas y acad\u00e9micos los desaf\u00edos c\u00f3mo adaptar el modelo laboral, incrementando la productividad y sostenibilidad. #Misi\u00f3n_bB Contrato Social es una iniciativa de beBartlet con el apoyo [&hellip;]<\/p>\n","protected":false},"author":10,"featured_media":16392,"comment_status":"closed","ping_status":"open","sticky":false,"template":"","format":"standard","meta":{"footnotes":""},"categories":[1115,1131],"tags":[1261,1262,1263,1264,1265,1266],"class_list":["post-16391","post","type-post","status-publish","format-standard","has-post-thumbnail","hentry","category-bebartlet-pt","category-missaobebartlet","tag-comercio-minorista","tag-costes","tag-habitos-de-compra","tag-mision-contrato-social","tag-retail","tag-sindicatos"],"_links":{"self":[{"href":"https:\/\/bebartlet.com\/pt-pt\/wp-json\/wp\/v2\/posts\/16391","targetHints":{"allow":["GET"]}}],"collection":[{"href":"https:\/\/bebartlet.com\/pt-pt\/wp-json\/wp\/v2\/posts"}],"about":[{"href":"https:\/\/bebartlet.com\/pt-pt\/wp-json\/wp\/v2\/types\/post"}],"author":[{"embeddable":true,"href":"https:\/\/bebartlet.com\/pt-pt\/wp-json\/wp\/v2\/users\/10"}],"replies":[{"embeddable":true,"href":"https:\/\/bebartlet.com\/pt-pt\/wp-json\/wp\/v2\/comments?post=16391"}],"version-history":[{"count":0,"href":"https:\/\/bebartlet.com\/pt-pt\/wp-json\/wp\/v2\/posts\/16391\/revisions"}],"wp:featuredmedia":[{"embeddable":true,"href":"https:\/\/bebartlet.com\/pt-pt\/wp-json\/wp\/v2\/media\/16392"}],"wp:attachment":[{"href":"https:\/\/bebartlet.com\/pt-pt\/wp-json\/wp\/v2\/media?parent=16391"}],"wp:term":[{"taxonomy":"category","embeddable":true,"href":"https:\/\/bebartlet.com\/pt-pt\/wp-json\/wp\/v2\/categories?post=16391"},{"taxonomy":"post_tag","embeddable":true,"href":"https:\/\/bebartlet.com\/pt-pt\/wp-json\/wp\/v2\/tags?post=16391"}],"curies":[{"name":"wp","href":"https:\/\/api.w.org\/{rel}","templated":true}]}}