{"id":16401,"date":"2025-11-03T08:00:09","date_gmt":"2025-11-03T07:00:09","guid":{"rendered":"https:\/\/bebartlet.com\/una-cumbre-de-alcaldes-en-la-sede-de-bebartlet\/"},"modified":"2025-11-03T08:00:09","modified_gmt":"2025-11-03T07:00:09","slug":"una-cumbre-de-alcaldes-en-la-sede-de-bebartlet","status":"publish","type":"post","link":"https:\/\/bebartlet.com\/pt-pt\/una-cumbre-de-alcaldes-en-la-sede-de-bebartlet\/","title":{"rendered":"Una cumbre de alcaldes en la sede de beBartlet"},"content":{"rendered":"<p>Iniciamos <strong>un recorrido por Espa\u00f1a para proponer soluciones en materia de vivienda<\/strong> y hacemos <strong>nuestra primera parada en Barcelona<\/strong> en una sesi\u00f3n especial con los<strong> representantes de m\u00e1s de 2 millones de ciudadanos.<\/strong><\/p>\n<p>Y<strong> lo hemos hecho a partir de la deliberaci\u00f3n conjunta de la mano de los alcaldes de algunas de las principales ciudades<\/strong> catalanas en una sesi\u00f3n a la que tambi\u00e9n se sumaron la <strong>consellera de Vivienda y portavoz del Govern catal\u00e1n<\/strong> S\u00edlvia Paneque Sureda y <strong>organizaciones sociales<\/strong> como <strong>Asociaci\u00f3n Provivienda u Hogar S\u00ed.<\/strong><\/p>\n<p>Los <strong>alcaldes de Cornell\u00e0 de Llobregat,<\/strong> Antonio Balm\u00f3n, y otras ciudades como <strong>El Prat,<\/strong> Alba Bou o <strong>El Papiol,<\/strong> Jordi Bou i Compte, y de municipios como <strong>Pontons<\/strong>, Josep <strong>Tutusaus<\/strong>, o <strong>Manresa<\/strong>, Marc Aloy Gu\u00e0rdia, sumaron su visi\u00f3n a la de una treintena de representantes de los gobiernos locales de <strong>Barcelona<\/strong>, de la mano de su Comisionado de Vivienda, Joan R. Riera, <strong>Badalona, Sant Adri\u00e0 del Bes\u00f2s o Vilanova i la Geltr\u00fa.<\/strong><\/p>\n<p>Sus visiones se han sumado a las de los tambi\u00e9n<strong> alcaldes de Portbou, Gael Rodr\u00edguez Garrido<\/strong>, <strong>Montgat<\/strong>, Andreu Absil Sola, <strong>Santa Coloma de Gramanet<\/strong>, Mireia Gonz\u00e1lez o <strong>Badia del Vall\u00e8s,<\/strong> Josep Mart\u00ednez, y cuyos representantes compartieron sus prioridades<strong> junto a las visiones de las diputadas auton\u00f3micas Ester Capella Farr\u00e9, \u00c0ngels Esteller o Gloria Freixa.<\/strong><\/p>\n<p>En el <strong>Observatorio Social de la Vivienda de Prensa Ib\u00e9rica-El Peri\u00f3dico y Santander junto a beBartlet, la colaboraci\u00f3n de Althena &#8211; Property Experience<\/strong> y a partir de los datos de Cluster17 Espa\u00f1a<strong> tenemos nuestro objetivo claro<\/strong>: generar las <strong>condiciones para acordar soluciones sobre una de las principales preocupaciones de los ciudadanos.<\/strong><\/p>\n<p>Una <strong>metodolog\u00eda excepcional para una prioridad de Estado.<\/strong><\/p>\n<p>Consulta los <strong>principales resultados de la encuesta<\/strong> con metodolog\u00eda Cluster17 en <a href=\"https:\/\/www.elperiodico.com\/es\/economia\/20251103\/vivienda-falta-suelo-agilidad-vision-plazo-123236769\" target=\"_blank\" rel=\"noopener\">El Peri\u00f3dico <\/a>y lee <a href=\"https:\/\/www.elperiodico.com\/es\/opinion\/20251103\/metodologia-excepcional-prioridad-de-estado-observatorio-social-vivienda-prensa-iberica-bebartlet-123263406\" target=\"_blank\" rel=\"noopener\">la contra-cr\u00f3nica de la sesi\u00f3n<\/a> de nuestro socio y vicepresidente, Nacho Corredor.<\/p>\n","protected":false},"excerpt":{"rendered":"<p>Iniciamos un recorrido por Espa\u00f1a para proponer soluciones en materia de vivienda y hacemos nuestra primera parada en Barcelona en una sesi\u00f3n especial con los representantes de m\u00e1s de 2 millones de ciudadanos. Y lo hemos hecho a partir de la deliberaci\u00f3n conjunta de la mano de los alcaldes de algunas de las principales ciudades [&hellip;]<\/p>\n","protected":false},"author":8,"featured_media":16402,"comment_status":"closed","ping_status":"open","sticky":false,"template":"","format":"standard","meta":{"footnotes":""},"categories":[1115],"tags":[1156,1203],"class_list":["post-16401","post","type-post","status-publish","format-standard","has-post-thumbnail","hentry","category-bebartlet-pt","tag-incidencia-publica","tag-observatorio-de-la-vivienda"],"_links":{"self":[{"href":"https:\/\/bebartlet.com\/pt-pt\/wp-json\/wp\/v2\/posts\/16401","targetHints":{"allow":["GET"]}}],"collection":[{"href":"https:\/\/bebartlet.com\/pt-pt\/wp-json\/wp\/v2\/posts"}],"about":[{"href":"https:\/\/bebartlet.com\/pt-pt\/wp-json\/wp\/v2\/types\/post"}],"author":[{"embeddable":true,"href":"https:\/\/bebartlet.com\/pt-pt\/wp-json\/wp\/v2\/users\/8"}],"replies":[{"embeddable":true,"href":"https:\/\/bebartlet.com\/pt-pt\/wp-json\/wp\/v2\/comments?post=16401"}],"version-history":[{"count":0,"href":"https:\/\/bebartlet.com\/pt-pt\/wp-json\/wp\/v2\/posts\/16401\/revisions"}],"wp:featuredmedia":[{"embeddable":true,"href":"https:\/\/bebartlet.com\/pt-pt\/wp-json\/wp\/v2\/media\/16402"}],"wp:attachment":[{"href":"https:\/\/bebartlet.com\/pt-pt\/wp-json\/wp\/v2\/media?parent=16401"}],"wp:term":[{"taxonomy":"category","embeddable":true,"href":"https:\/\/bebartlet.com\/pt-pt\/wp-json\/wp\/v2\/categories?post=16401"},{"taxonomy":"post_tag","embeddable":true,"href":"https:\/\/bebartlet.com\/pt-pt\/wp-json\/wp\/v2\/tags?post=16401"}],"curies":[{"name":"wp","href":"https:\/\/api.w.org\/{rel}","templated":true}]}}