{"id":16405,"date":"2025-10-17T16:08:35","date_gmt":"2025-10-17T14:08:35","guid":{"rendered":"https:\/\/bebartlet.com\/alberto-nadal-vicesecretario-de-economia-del-partido-popular-en-la-sede-de-bebartlet\/"},"modified":"2025-10-17T16:08:35","modified_gmt":"2025-10-17T14:08:35","slug":"alberto-nadal-vicesecretario-de-economia-del-partido-popular-en-la-sede-de-bebartlet","status":"publish","type":"post","link":"https:\/\/bebartlet.com\/pt-pt\/alberto-nadal-vicesecretario-de-economia-del-partido-popular-en-la-sede-de-bebartlet\/","title":{"rendered":"Alberto Nadal, vicesecretario de Econom\u00eda del Partido Popular, en la sede de beBartlet"},"content":{"rendered":"<p>Alberto Nadal,<strong> vicesecretario de Econom\u00eda<\/strong> del Partido Popular, en la sede de beBartlet.<\/p>\n<p>Una <strong>conversaci\u00f3n sobre industria, energ\u00eda y transformaci\u00f3n econ\u00f3mica.<\/strong><\/p>\n<p>\ud83d\udccdEn la Gran V\u00eda de Madrid.<\/p>\n","protected":false},"excerpt":{"rendered":"<p>Alberto Nadal, vicesecretario de Econom\u00eda del Partido Popular, en la sede de beBartlet. Una conversaci\u00f3n sobre industria, energ\u00eda y transformaci\u00f3n econ\u00f3mica. \ud83d\udccdEn la Gran V\u00eda de Madrid.<\/p>\n","protected":false},"author":10,"featured_media":16406,"comment_status":"closed","ping_status":"open","sticky":false,"template":"","format":"standard","meta":{"footnotes":""},"categories":[1115],"tags":[1289,1157,1274,1246,1248,1290,1256,1291,1292],"class_list":["post-16405","post","type-post","status-publish","format-standard","has-post-thumbnail","hentry","category-bebartlet-pt","tag-alberto-nadal","tag-bebartlet","tag-economia","tag-energia","tag-industria","tag-nadal","tag-pp","tag-transformacion-economica","tag-vicesecretario-de-economia"],"_links":{"self":[{"href":"https:\/\/bebartlet.com\/pt-pt\/wp-json\/wp\/v2\/posts\/16405","targetHints":{"allow":["GET"]}}],"collection":[{"href":"https:\/\/bebartlet.com\/pt-pt\/wp-json\/wp\/v2\/posts"}],"about":[{"href":"https:\/\/bebartlet.com\/pt-pt\/wp-json\/wp\/v2\/types\/post"}],"author":[{"embeddable":true,"href":"https:\/\/bebartlet.com\/pt-pt\/wp-json\/wp\/v2\/users\/10"}],"replies":[{"embeddable":true,"href":"https:\/\/bebartlet.com\/pt-pt\/wp-json\/wp\/v2\/comments?post=16405"}],"version-history":[{"count":0,"href":"https:\/\/bebartlet.com\/pt-pt\/wp-json\/wp\/v2\/posts\/16405\/revisions"}],"wp:featuredmedia":[{"embeddable":true,"href":"https:\/\/bebartlet.com\/pt-pt\/wp-json\/wp\/v2\/media\/16406"}],"wp:attachment":[{"href":"https:\/\/bebartlet.com\/pt-pt\/wp-json\/wp\/v2\/media?parent=16405"}],"wp:term":[{"taxonomy":"category","embeddable":true,"href":"https:\/\/bebartlet.com\/pt-pt\/wp-json\/wp\/v2\/categories?post=16405"},{"taxonomy":"post_tag","embeddable":true,"href":"https:\/\/bebartlet.com\/pt-pt\/wp-json\/wp\/v2\/tags?post=16405"}],"curies":[{"name":"wp","href":"https:\/\/api.w.org\/{rel}","templated":true}]}}