{"id":16417,"date":"2025-09-22T09:03:18","date_gmt":"2025-09-22T07:03:18","guid":{"rendered":"https:\/\/bebartlet.com\/ramon-mateo-bebartlet-en-el-periodico-la-vivienda-y-la-exigencia-de-un-pacto-de-estado\/"},"modified":"2025-09-22T09:03:18","modified_gmt":"2025-09-22T07:03:18","slug":"ramon-mateo-bebartlet-en-el-periodico-la-vivienda-y-la-exigencia-de-un-pacto-de-estado","status":"publish","type":"post","link":"https:\/\/bebartlet.com\/pt-pt\/ramon-mateo-bebartlet-en-el-periodico-la-vivienda-y-la-exigencia-de-un-pacto-de-estado\/","title":{"rendered":"Ram\u00f3n Mateo (beBartlet) en El Peri\u00f3dico: &#8220;La vivienda y la exigencia de un pacto de Estado&#8221;"},"content":{"rendered":"\t\t<div data-elementor-type=\"wp-post\" data-elementor-id=\"16417\" class=\"elementor elementor-16417 elementor-13502\" data-elementor-post-type=\"post\">\n\t\t\t\t\t\t<section class=\"elementor-section elementor-top-section elementor-element elementor-element-183840ac elementor-section-boxed elementor-section-height-default elementor-section-height-default\" data-id=\"183840ac\" data-element_type=\"section\" data-e-type=\"section\">\n\t\t\t\t\t\t<div class=\"elementor-container elementor-column-gap-default\">\n\t\t\t\t\t<div class=\"aux-parallax-section elementor-column elementor-col-100 elementor-top-column elementor-element elementor-element-201cd06b\" data-id=\"201cd06b\" data-element_type=\"column\" data-e-type=\"column\">\n\t\t\t<div class=\"elementor-widget-wrap elementor-element-populated\">\n\t\t\t\t\t\t<div class=\"elementor-element elementor-element-bb8db6d elementor-widget elementor-widget-button\" data-id=\"bb8db6d\" data-element_type=\"widget\" data-e-type=\"widget\" data-widget_type=\"button.default\">\n\t\t\t\t<div class=\"elementor-widget-container\">\n\t\t\t\t\t\t\t\t\t<div class=\"elementor-button-wrapper\">\n\t\t\t\t\t<a class=\"elementor-button elementor-button-link elementor-size-sm\" href=\"https:\/\/www.elperiodico.com\/es\/opinion\/20250921\/vivienda-exigencia-pacto-estado-observatorio-articulo-ramon-mateo-121762301\" target=\"_blank\" rel=\"noopener\">\n\t\t\t\t\t\t<span class=\"elementor-button-content-wrapper\">\n\t\t\t\t\t\t\t\t\t<span class=\"elementor-button-text\">Leer noticia<\/span>\n\t\t\t\t\t<\/span>\n\t\t\t\t\t<\/a>\n\t\t\t\t<\/div>\n\t\t\t\t\t\t\t\t<\/div>\n\t\t\t\t<\/div>\n\t\t\t\t<div class=\"elementor-element elementor-element-194a7d84 elementor-widget elementor-widget-text-editor\" data-id=\"194a7d84\" data-element_type=\"widget\" data-e-type=\"widget\" data-widget_type=\"text-editor.default\">\n\t\t\t\t<div class=\"elementor-widget-container\">\n\t\t\t\t\t\t\t\t\t<p><strong>Ram\u00f3n Mateo<\/strong>, socio y director de beBartlet, <strong>analiza en El Peri\u00f3dico los primeros resultados del Observatorio Social de la Vivienda <\/strong>impulsado por Prensa Ib\u00e9rica y Banco Santander con la colaboraci\u00f3n de beBartlet.<\/p><p>En su an\u00e1lisis, Mateo <strong>se\u00f1ala que &#8220;un 91% de los espa\u00f1oles exige un Pacto de Estado por la vivienda.<\/strong> Y este<strong>\u00a0consenso<\/strong> es claro entre los votantes de todos los partidos, superando el 95% de apoyo entre votantes de PSOE y Sumar y el 80% entre los de PP y Vox&#8221;.<\/p>\t\t\t\t\t\t\t\t<\/div>\n\t\t\t\t<\/div>\n\t\t\t\t\t<\/div>\n\t\t<\/div>\n\t\t\t\t\t<\/div>\n\t\t<\/section>\n\t\t\t\t<\/div>\n\t\t","protected":false},"excerpt":{"rendered":"<p>Leer noticia Ram\u00f3n Mateo, socio y director de beBartlet, analiza en El Peri\u00f3dico los primeros resultados del Observatorio Social de la Vivienda impulsado por Prensa Ib\u00e9rica y Banco Santander con la colaboraci\u00f3n de beBartlet. En su an\u00e1lisis, Mateo se\u00f1ala que &#8220;un 91% de los espa\u00f1oles exige un Pacto de Estado por la vivienda. Y este\u00a0consenso [&hellip;]<\/p>\n","protected":false},"author":8,"featured_media":16418,"comment_status":"closed","ping_status":"open","sticky":false,"template":"","format":"standard","meta":{"footnotes":""},"categories":[1117,1144],"tags":[1309,1156],"class_list":["post-16417","post","type-post","status-publish","format-standard","has-post-thumbnail","hentry","category-imprensa-pt","category-el-periodico-pt","tag-el-periodico","tag-incidencia-publica"],"_links":{"self":[{"href":"https:\/\/bebartlet.com\/pt-pt\/wp-json\/wp\/v2\/posts\/16417","targetHints":{"allow":["GET"]}}],"collection":[{"href":"https:\/\/bebartlet.com\/pt-pt\/wp-json\/wp\/v2\/posts"}],"about":[{"href":"https:\/\/bebartlet.com\/pt-pt\/wp-json\/wp\/v2\/types\/post"}],"author":[{"embeddable":true,"href":"https:\/\/bebartlet.com\/pt-pt\/wp-json\/wp\/v2\/users\/8"}],"replies":[{"embeddable":true,"href":"https:\/\/bebartlet.com\/pt-pt\/wp-json\/wp\/v2\/comments?post=16417"}],"version-history":[{"count":0,"href":"https:\/\/bebartlet.com\/pt-pt\/wp-json\/wp\/v2\/posts\/16417\/revisions"}],"wp:featuredmedia":[{"embeddable":true,"href":"https:\/\/bebartlet.com\/pt-pt\/wp-json\/wp\/v2\/media\/16418"}],"wp:attachment":[{"href":"https:\/\/bebartlet.com\/pt-pt\/wp-json\/wp\/v2\/media?parent=16417"}],"wp:term":[{"taxonomy":"category","embeddable":true,"href":"https:\/\/bebartlet.com\/pt-pt\/wp-json\/wp\/v2\/categories?post=16417"},{"taxonomy":"post_tag","embeddable":true,"href":"https:\/\/bebartlet.com\/pt-pt\/wp-json\/wp\/v2\/tags?post=16417"}],"curies":[{"name":"wp","href":"https:\/\/api.w.org\/{rel}","templated":true}]}}