{"id":16511,"date":"2025-01-20T07:46:48","date_gmt":"2025-01-20T06:46:48","guid":{"rendered":"https:\/\/bebartlet.com\/ester-munoz-conoce-de-primera-mano-a-algunos-de-los-principales-proyectos-del-ambito-biosanitario-catalan-en-la-sede-de-bebartlet\/"},"modified":"2025-01-20T07:46:48","modified_gmt":"2025-01-20T06:46:48","slug":"ester-munoz-conoce-de-primera-mano-a-algunos-de-los-principales-proyectos-del-ambito-biosanitario-catalan-en-la-sede-de-bebartlet","status":"publish","type":"post","link":"https:\/\/bebartlet.com\/pt-pt\/ester-munoz-conoce-de-primera-mano-a-algunos-de-los-principales-proyectos-del-ambito-biosanitario-catalan-en-la-sede-de-bebartlet\/","title":{"rendered":"Ester Mu\u00f1oz conoce de primera mano a (algunos de) los principales proyectos del \u00e1mbito biosanitario catal\u00e1n en la sede de beBartlet"},"content":{"rendered":"<p><strong>Ester Mu\u00f1oz<\/strong> (vicesecretaria de Sanidad y Educaci\u00f3n del PP y Diputada en el Congreso) y <strong>Daniel Sirera<\/strong> (Portavoz del PP en el Ayuntamiento de Barcelona) han conocido de primera mano a (algunos de) los <strong>principales proyectos del \u00e1mbito biosanitario catal\u00e1n<\/strong> en la sede de beBartlet en Barcelona junto a <strong>Jaume R\u00edos<\/strong> (socio y director Barcelona de beBartlet) y <strong>Gabriel San Miguel<\/strong> (director de Ciencia y Bienestar de beBartlet).<\/p>\n","protected":false},"excerpt":{"rendered":"<p>Ester Mu\u00f1oz (vicesecretaria de Sanidad y Educaci\u00f3n del PP y Diputada en el Congreso) y Daniel Sirera (Portavoz del PP en el Ayuntamiento de Barcelona) han conocido de primera mano a (algunos de) los principales proyectos del \u00e1mbito biosanitario catal\u00e1n en la sede de beBartlet en Barcelona junto a Jaume R\u00edos (socio y director Barcelona [&hellip;]<\/p>\n","protected":false},"author":8,"featured_media":16512,"comment_status":"closed","ping_status":"open","sticky":false,"template":"","format":"standard","meta":{"footnotes":""},"categories":[1115],"tags":[1157,1156,1334,1231],"class_list":["post-16511","post","type-post","status-publish","format-standard","has-post-thumbnail","hentry","category-bebartlet-pt","tag-bebartlet","tag-incidencia-publica","tag-partido-popular","tag-sanidad"],"_links":{"self":[{"href":"https:\/\/bebartlet.com\/pt-pt\/wp-json\/wp\/v2\/posts\/16511","targetHints":{"allow":["GET"]}}],"collection":[{"href":"https:\/\/bebartlet.com\/pt-pt\/wp-json\/wp\/v2\/posts"}],"about":[{"href":"https:\/\/bebartlet.com\/pt-pt\/wp-json\/wp\/v2\/types\/post"}],"author":[{"embeddable":true,"href":"https:\/\/bebartlet.com\/pt-pt\/wp-json\/wp\/v2\/users\/8"}],"replies":[{"embeddable":true,"href":"https:\/\/bebartlet.com\/pt-pt\/wp-json\/wp\/v2\/comments?post=16511"}],"version-history":[{"count":0,"href":"https:\/\/bebartlet.com\/pt-pt\/wp-json\/wp\/v2\/posts\/16511\/revisions"}],"wp:featuredmedia":[{"embeddable":true,"href":"https:\/\/bebartlet.com\/pt-pt\/wp-json\/wp\/v2\/media\/16512"}],"wp:attachment":[{"href":"https:\/\/bebartlet.com\/pt-pt\/wp-json\/wp\/v2\/media?parent=16511"}],"wp:term":[{"taxonomy":"category","embeddable":true,"href":"https:\/\/bebartlet.com\/pt-pt\/wp-json\/wp\/v2\/categories?post=16511"},{"taxonomy":"post_tag","embeddable":true,"href":"https:\/\/bebartlet.com\/pt-pt\/wp-json\/wp\/v2\/tags?post=16511"}],"curies":[{"name":"wp","href":"https:\/\/api.w.org\/{rel}","templated":true}]}}