{"id":16517,"date":"2024-12-19T06:00:12","date_gmt":"2024-12-19T05:00:12","guid":{"rendered":"https:\/\/bebartlet.com\/la-generacion-del-24-una-mejor-manera-de-contar-las-cosas\/"},"modified":"2024-12-19T06:00:12","modified_gmt":"2024-12-19T05:00:12","slug":"la-generacion-del-24-una-mejor-manera-de-contar-las-cosas","status":"publish","type":"post","link":"https:\/\/bebartlet.com\/pt-pt\/la-generacion-del-24-una-mejor-manera-de-contar-las-cosas\/","title":{"rendered":"La Generaci\u00f3n del 24: una (mejor) manera de contar las cosas"},"content":{"rendered":"\t\t<div data-elementor-type=\"wp-post\" data-elementor-id=\"16517\" class=\"elementor elementor-16517 elementor-11306\" data-elementor-post-type=\"post\">\n\t\t\t\t\t\t<section class=\"elementor-section elementor-top-section elementor-element elementor-element-de0fc33 elementor-section-boxed elementor-section-height-default elementor-section-height-default\" data-id=\"de0fc33\" data-element_type=\"section\" data-e-type=\"section\">\n\t\t\t\t\t\t<div class=\"elementor-container elementor-column-gap-default\">\n\t\t\t\t\t<div class=\"aux-parallax-section elementor-column elementor-col-100 elementor-top-column elementor-element elementor-element-70a01eb\" data-id=\"70a01eb\" data-element_type=\"column\" data-e-type=\"column\">\n\t\t\t<div class=\"elementor-widget-wrap\">\n\t\t\t\t\t\t\t<\/div>\n\t\t<\/div>\n\t\t\t\t\t<\/div>\n\t\t<\/section>\n\t\t\t\t<section class=\"elementor-section elementor-top-section elementor-element elementor-element-3d1aa3f6 elementor-section-boxed elementor-section-height-default elementor-section-height-default\" data-id=\"3d1aa3f6\" data-element_type=\"section\" data-e-type=\"section\">\n\t\t\t\t\t\t<div class=\"elementor-container elementor-column-gap-default\">\n\t\t\t\t\t<div class=\"aux-parallax-section elementor-column elementor-col-100 elementor-top-column elementor-element elementor-element-6149ac1e\" data-id=\"6149ac1e\" data-element_type=\"column\" data-e-type=\"column\">\n\t\t\t<div class=\"elementor-widget-wrap elementor-element-populated\">\n\t\t\t\t\t\t<div class=\"elementor-element elementor-element-035cf8d elementor-widget elementor-widget-video\" data-id=\"035cf8d\" data-element_type=\"widget\" data-e-type=\"widget\" data-settings=\"{&quot;youtube_url&quot;:&quot;https:\\\/\\\/youtu.be\\\/NkO7d5mjQe0&quot;,&quot;video_type&quot;:&quot;youtube&quot;,&quot;controls&quot;:&quot;yes&quot;}\" data-widget_type=\"video.default\">\n\t\t\t\t<div class=\"elementor-widget-container\">\n\t\t\t\t\t\t\t<div class=\"elementor-wrapper elementor-open-inline\">\n\t\t\t<div class=\"elementor-video\"><\/div>\t\t<\/div>\n\t\t\t\t\t\t<\/div>\n\t\t\t\t<\/div>\n\t\t\t\t<div class=\"elementor-element elementor-element-44b3e403 elementor-widget elementor-widget-text-editor\" data-id=\"44b3e403\" data-element_type=\"widget\" data-e-type=\"widget\" data-widget_type=\"text-editor.default\">\n\t\t\t\t<div class=\"elementor-widget-container\">\n\t\t\t\t\t\t\t\t\t<span style=\"font-weight: 400;\">En 2023<strong> impulsamos Misi\u00f3n Transmedia.<\/strong> Dos a\u00f1os despu\u00e9s,<strong> proponemos a l\u00edderes medi\u00e1ticos y creadores de contenido un nuevo paradigma de la comunicaci\u00f3n del siglo XXI<\/strong> y tras <strong>generar una comunidad de m\u00e1s de un centenar de periodistas y creadores de contenido<\/strong> que juntos acumulan audiencias de m\u00e1s de 10 millones de personas. <strong>Porque de la misma manera que la Generaci\u00f3n del 98 y del 27<\/strong> dejaron un legado cultural,<strong> la Generaci\u00f3n del 24 tiene una responsabilidad en la difusi\u00f3n<\/strong> de contenidos a r\u00e1pida velocidad y en un contexto global.<\/span>\n\n<b>Hemos a<\/b><b>bordado estos a\u00f1os retos como el uso en los medios de la <\/b><a href=\"https:\/\/www.youtube.com\/watch?v=WJzmnRKh6yw&amp;t=30s\" target=\"_blank\" rel=\"noopener\"><b>inteligencia artificia<\/b><span style=\"font-weight: 400;\">l<\/span><\/a><span style=\"font-weight: 400;\">, la <\/span><a href=\"https:\/\/www.youtube.com\/watch?v=c0Xpdg-z_Wo&amp;t=13s\" target=\"_blank\" rel=\"noopener\"><b>informaci\u00f3n econ\u00f3mica<\/b><\/a><span style=\"font-weight: 400;\"> y <\/span><a href=\"https:\/\/www.youtube.com\/watch?v=HLE4qGCFUvM\" target=\"_blank\" rel=\"noopener\"><b>sanitaria<\/b><\/a><span style=\"font-weight: 400;\"> para grandes audiencias o las ventajas e inconvenientes de la <\/span><a href=\"https:\/\/www.youtube.com\/watch?v=xGhJqGi4_aA\" target=\"_blank\" rel=\"noopener\"><b>vuelta a lo anal\u00f3gico<\/b><\/a><span style=\"font-weight: 400;\"> y<\/span> <span style=\"font-weight: 400;\">han participado<\/span><b> periodistas de medios tradicionales como <\/b><a href=\"https:\/\/www.instagram.com\/victoria_arnau_\/?hl=es\" target=\"_blank\" rel=\"noopener\"><b>Victoria<\/b> <b>Arnau<\/b><\/a><span style=\"font-weight: 400;\"> (presentadora de Antena3 Noticias), <\/span><a href=\"https:\/\/x.com\/FernandoHValls\/status\/1868727636207555060\"><b>Fernando H. Valls<\/b><\/a> <span style=\"font-weight: 400;\">(periodista de La Vanguardia), <\/span><a href=\"https:\/\/x.com\/veronicasanztv?lang=es\"><b>Ver\u00f3nica Sanz<\/b><\/a><span style=\"font-weight: 400;\"> (presentadora de laSexta) o de nuevas plataformas como <\/span><a href=\"https:\/\/x.com\/marioviciosa\"><b>Mario Viciosa<\/b><\/a><span style=\"font-weight: 400;\"> (responsable de Ciencia en Newtral) como <\/span><a href=\"https:\/\/www.tiktok.com\/@ac2ality?lang=es\" target=\"_blank\" rel=\"noopener\"><b>Daniela \u00c1lvarez<\/b><\/a><span style=\"font-weight: 400;\"> (cofundadora de Ac2ality, con m\u00e1s de 5 millones de seguidores), <\/span><a href=\"https:\/\/www.instagram.com\/mienfermerafavorita\/?hl=es\" target=\"_blank\" rel=\"noopener\"><b>Esther G\u00f3mez<\/b><\/a><span style=\"font-weight: 400;\"> (creadora de contenido con m\u00e1s de 340.000 seguidores) o <\/span><a href=\"https:\/\/www.tiktok.com\/@atrenzados?lang=es\" target=\"_blank\" rel=\"noopener\"><span style=\"font-weight: 400;\">\u00c1lvaro Morgado<\/span><\/a><span style=\"font-weight: 400;\"> (creador de contenido con m\u00e1s de 1,5 millones de seguidores).<\/span>\n\n<b>\u00bfY en 2025? M\u00e1s.\u00a0<\/b>\n\n<span style=\"font-weight: 400;\">#Misi\u00f3n_bB Transmedia es una iniciativa de beBartlet en colaboraci\u00f3n con WATIF y con el apoyo de Novartis y Fundaci\u00f3n &#8216;la Caixa&#8217;<\/span>\t\t\t\t\t\t\t\t<\/div>\n\t\t\t\t<\/div>\n\t\t\t\t<div class=\"elementor-element elementor-element-b82552e elementor-widget elementor-widget-image\" data-id=\"b82552e\" data-element_type=\"widget\" data-e-type=\"widget\" data-widget_type=\"image.default\">\n\t\t\t\t<div class=\"elementor-widget-container\">\n\t\t\t\t\t\t\t\t\t\t\t\t\t\t\t<img fetchpriority=\"high\" decoding=\"async\" width=\"2482\" height=\"3509\" src=\"https:\/\/bebartlet.com\/wp-content\/uploads\/2024\/12\/Decalogo_bB_V5-1.png\" class=\"attachment-full size-full wp-image-16520\" alt=\"\" srcset=\"https:\/\/bebartlet.com\/wp-content\/uploads\/2024\/12\/Decalogo_bB_V5-1.png 2482w, https:\/\/bebartlet.com\/wp-content\/uploads\/2024\/12\/Decalogo_bB_V5-1-1086x1536.png 1086w, https:\/\/bebartlet.com\/wp-content\/uploads\/2024\/12\/Decalogo_bB_V5-1-1449x2048.png 1449w\" sizes=\"(max-width: 2482px) 100vw, 2482px\" \/>\t\t\t\t\t\t\t\t\t\t\t\t\t\t\t<\/div>\n\t\t\t\t<\/div>\n\t\t\t\t\t<\/div>\n\t\t<\/div>\n\t\t\t\t\t<\/div>\n\t\t<\/section>\n\t\t\t\t<\/div>\n\t\t","protected":false},"excerpt":{"rendered":"<p>https:\/\/youtu.be\/NkO7d5mjQe0En 2023 impulsamos Misi\u00f3n Transmedia. Dos a\u00f1os despu\u00e9s, proponemos a l\u00edderes medi\u00e1ticos y creadores de contenido un nuevo paradigma de la comunicaci\u00f3n del siglo XXI y tras generar una comunidad de m\u00e1s de un centenar de periodistas y creadores de contenido que juntos acumulan audiencias de m\u00e1s de 10 millones de personas. Porque de la [&hellip;]<\/p>\n","protected":false},"author":8,"featured_media":16306,"comment_status":"closed","ping_status":"open","sticky":false,"template":"","format":"standard","meta":{"footnotes":""},"categories":[1131,1115],"tags":[],"class_list":["post-16517","post","type-post","status-publish","format-standard","has-post-thumbnail","hentry","category-missaobebartlet","category-bebartlet-pt"],"_links":{"self":[{"href":"https:\/\/bebartlet.com\/pt-pt\/wp-json\/wp\/v2\/posts\/16517","targetHints":{"allow":["GET"]}}],"collection":[{"href":"https:\/\/bebartlet.com\/pt-pt\/wp-json\/wp\/v2\/posts"}],"about":[{"href":"https:\/\/bebartlet.com\/pt-pt\/wp-json\/wp\/v2\/types\/post"}],"author":[{"embeddable":true,"href":"https:\/\/bebartlet.com\/pt-pt\/wp-json\/wp\/v2\/users\/8"}],"replies":[{"embeddable":true,"href":"https:\/\/bebartlet.com\/pt-pt\/wp-json\/wp\/v2\/comments?post=16517"}],"version-history":[{"count":0,"href":"https:\/\/bebartlet.com\/pt-pt\/wp-json\/wp\/v2\/posts\/16517\/revisions"}],"wp:featuredmedia":[{"embeddable":true,"href":"https:\/\/bebartlet.com\/pt-pt\/wp-json\/wp\/v2\/media\/16306"}],"wp:attachment":[{"href":"https:\/\/bebartlet.com\/pt-pt\/wp-json\/wp\/v2\/media?parent=16517"}],"wp:term":[{"taxonomy":"category","embeddable":true,"href":"https:\/\/bebartlet.com\/pt-pt\/wp-json\/wp\/v2\/categories?post=16517"},{"taxonomy":"post_tag","embeddable":true,"href":"https:\/\/bebartlet.com\/pt-pt\/wp-json\/wp\/v2\/tags?post=16517"}],"curies":[{"name":"wp","href":"https:\/\/api.w.org\/{rel}","templated":true}]}}