{"id":16535,"date":"2024-10-22T19:05:17","date_gmt":"2024-10-22T17:05:17","guid":{"rendered":"https:\/\/bebartlet.com\/innovacion-en-politicas-publicas-hacia-la-equidad-en-la-atencion-primaria-2\/"},"modified":"2024-10-22T19:05:17","modified_gmt":"2024-10-22T17:05:17","slug":"innovacion-en-politicas-publicas-hacia-la-equidad-en-la-atencion-primaria-2","status":"publish","type":"post","link":"https:\/\/bebartlet.com\/pt-pt\/innovacion-en-politicas-publicas-hacia-la-equidad-en-la-atencion-primaria-2\/","title":{"rendered":"Innovaci\u00f3n en pol\u00edticas p\u00fablicas: hacia la Equidad en la Atenci\u00f3n Primaria"},"content":{"rendered":"<p><span style=\"font-weight: 400;\">Hoy hemos presentado el <\/span><b>informe &#8220;Hacia la Equidad en Salud: propuestas para transformar la atenci\u00f3n primaria en Espa\u00f1a&#8221; <\/b><span style=\"font-weight: 400;\">en el Ministerio de Sanidad junto al Secretario de Estado de Sanidad, <\/span><b>Javier Padilla<\/b><span style=\"font-weight: 400;\">, <\/span><span style=\"font-weight: 400;\">el presidente de Novartis Espa\u00f1a,<\/span><b> Jes\u00fas Ponce, <\/b>y<span style=\"font-weight: 400;\">\u00a0<strong>sociedades cient\u00edficas, asociaciones de pacientes, organizaciones de tercer sector e investigadores sociales<\/strong> <\/span><span style=\"font-weight: 400;\">tras un <strong>proceso de innovaci\u00f3n en pol\u00edticas p\u00fablicas<\/strong> impulsado por <strong>Novartis<\/strong> de la mano de <strong>beBartlet<\/strong>.<\/span><\/p>\n<p><span style=\"font-weight: 400;\">El informe es el resultado de un proceso de escucha activa protagonizado por una amplia diversidad de actores que empez\u00f3 con la <\/span><b>creaci\u00f3n del Comit\u00e9 para la Equidad en la Atenci\u00f3n Primaria formado por, entre otros, Manuel Franco <\/b><span style=\"font-weight: 400;\">(Investigador en la Universidad Johns Hopkins),<\/span><b> Pedro Carrascal <\/b><span style=\"font-weight: 400;\">(Director de la Plataforma de Organizaciones de Pacientes),<\/span><b> Paula Chao <\/b><span style=\"font-weight: 400;\">(vicepresidenta 3\u00aa, Sociedad Espa\u00f1ola de Medicina de Familia y Comunitaria),<\/span><b> Clara Urbano<\/b><span style=\"font-weight: 400;\"> (t\u00e9cnica de Investigaci\u00f3n e Incidencia de <\/span><span style=\"font-weight: 400;\">EAPN Espa\u00f1a),<\/span><b> Quique Villalobos <\/b><span style=\"font-weight: 400;\">(presidente, Federaci\u00f3n Regional de Asociaciones Vecinales de Madrid)<\/span><b>.\u00a0<\/b><\/p>\n<p><b>El proceso y la creaci\u00f3n del Comit\u00e9 es un ejercicio in\u00e9dito en Espa\u00f1a<\/b><span style=\"font-weight: 400;\"> que <\/span><b>refleja por primera vez un diagn\u00f3stico compartido de la equidad de los servicios de Atenci\u00f3n Primaria<\/b><span style=\"font-weight: 400;\"> desde una perspectiva de los determinantes sociales de la salud.<\/span><\/p>\n<p><span style=\"font-weight: 400;\">A<\/span><span style=\"font-weight: 400;\">dem\u00e1s, el <\/span><b>documento recoge propuestas para transformar pol\u00edticas p\u00fablicas<\/b><span style=\"font-weight: 400;\"> que contribuyan a mejorar la salud en nuestro pa\u00eds<\/span><b> a partir del diagn\u00f3stico y la transformaci\u00f3n de la <\/b><span style=\"font-weight: 400;\">atenci\u00f3n primaria <\/span><b>teniendo en cuenta la igualdad en el acceso, las condiciones y los determinantes sociales de la salud.<\/b><\/p>\n<p><span style=\"font-weight: 400;\">\u201cTradicionalmente,<\/span><b> los an\u00e1lisis se han elaborado desde una \u00f3ptica exclusivamente sanitaria. Incorporar la visi\u00f3n de otros actores sociales que cuentan con un alto grado de conocimiento <\/b><span style=\"font-weight: 400;\">sobre las necesidades y los procesos sociales en la poblaci\u00f3n es una novedad que puede contribuir a mejores pol\u00edticas p\u00fablicas\u201d, explica Gabriel San Miguel, director de Ciencia y Bienestar de beBartlet.\u00a0<\/span><\/p>\n<p><span style=\"font-weight: 400;\">Entre las <\/span><b>propuestas<\/b><span style=\"font-weight: 400;\"> principales <\/span><b>destacan<\/b><span style=\"font-weight: 400;\"> la <\/span><b>coordinaci\u00f3n sociosanitaria y el acceso equitativo de la poblaci\u00f3n m\u00e1s vulnerable<\/b><span style=\"font-weight: 400;\"> a la atenci\u00f3n primaria, la <\/span><b>promoci\u00f3n de la salud y actividades preventivas<\/b><span style=\"font-weight: 400;\"> desde una perspectiva comunitaria o la <\/span><b>atenci\u00f3n de las enfermedades no transmisibles<\/b><span style=\"font-weight: 400;\"> y la prevenci\u00f3n secundaria en poblaciones vulnerables.<\/span><\/p>\n<p><a href=\"https:\/\/bebartlet.com\/wp-content\/uploads\/2024\/10\/Informe-_Hacia-la-Equidad-en-Salud_.pdf\"><b>Puedes descargar aqu\u00ed el informe completo.<\/b><\/a><\/p>\n","protected":false},"excerpt":{"rendered":"<p>Hoy hemos presentado el informe &#8220;Hacia la Equidad en Salud: propuestas para transformar la atenci\u00f3n primaria en Espa\u00f1a&#8221; en el Ministerio de Sanidad junto al Secretario de Estado de Sanidad, Javier Padilla, el presidente de Novartis Espa\u00f1a, Jes\u00fas Ponce, y\u00a0sociedades cient\u00edficas, asociaciones de pacientes, organizaciones de tercer sector e investigadores sociales tras un proceso de [&hellip;]<\/p>\n","protected":false},"author":8,"featured_media":16536,"comment_status":"closed","ping_status":"open","sticky":false,"template":"","format":"standard","meta":{"footnotes":""},"categories":[1115],"tags":[1156],"class_list":["post-16535","post","type-post","status-publish","format-standard","has-post-thumbnail","hentry","category-bebartlet-pt","tag-incidencia-publica"],"_links":{"self":[{"href":"https:\/\/bebartlet.com\/pt-pt\/wp-json\/wp\/v2\/posts\/16535","targetHints":{"allow":["GET"]}}],"collection":[{"href":"https:\/\/bebartlet.com\/pt-pt\/wp-json\/wp\/v2\/posts"}],"about":[{"href":"https:\/\/bebartlet.com\/pt-pt\/wp-json\/wp\/v2\/types\/post"}],"author":[{"embeddable":true,"href":"https:\/\/bebartlet.com\/pt-pt\/wp-json\/wp\/v2\/users\/8"}],"replies":[{"embeddable":true,"href":"https:\/\/bebartlet.com\/pt-pt\/wp-json\/wp\/v2\/comments?post=16535"}],"version-history":[{"count":0,"href":"https:\/\/bebartlet.com\/pt-pt\/wp-json\/wp\/v2\/posts\/16535\/revisions"}],"wp:featuredmedia":[{"embeddable":true,"href":"https:\/\/bebartlet.com\/pt-pt\/wp-json\/wp\/v2\/media\/16536"}],"wp:attachment":[{"href":"https:\/\/bebartlet.com\/pt-pt\/wp-json\/wp\/v2\/media?parent=16535"}],"wp:term":[{"taxonomy":"category","embeddable":true,"href":"https:\/\/bebartlet.com\/pt-pt\/wp-json\/wp\/v2\/categories?post=16535"},{"taxonomy":"post_tag","embeddable":true,"href":"https:\/\/bebartlet.com\/pt-pt\/wp-json\/wp\/v2\/tags?post=16535"}],"curies":[{"name":"wp","href":"https:\/\/api.w.org\/{rel}","templated":true}]}}