{"id":16550,"date":"2024-08-26T13:03:42","date_gmt":"2024-08-26T11:03:42","guid":{"rendered":"https:\/\/bebartlet.com\/alejandro-labanda-bebartlet-en-20-minutos-durante-los-ultimos-anos-ha-funcionado-el-marco-normativo-del-despliegue-renovable\/"},"modified":"2024-08-26T13:03:42","modified_gmt":"2024-08-26T11:03:42","slug":"alejandro-labanda-bebartlet-en-20-minutos-durante-los-ultimos-anos-ha-funcionado-el-marco-normativo-del-despliegue-renovable","status":"publish","type":"post","link":"https:\/\/bebartlet.com\/pt-pt\/alejandro-labanda-bebartlet-en-20-minutos-durante-los-ultimos-anos-ha-funcionado-el-marco-normativo-del-despliegue-renovable\/","title":{"rendered":"Alejandro Labanda (beBartlet) en &#8217;20 Minutos&#8217;: &#8220;Durante los \u00faltimos a\u00f1os ha funcionado el\u00a0marco normativo\u00a0del despliegue renovable&#8221;"},"content":{"rendered":"\t\t<div data-elementor-type=\"wp-post\" data-elementor-id=\"16550\" class=\"elementor elementor-16550 elementor-10625\" data-elementor-post-type=\"post\">\n\t\t\t\t\t\t<section class=\"elementor-section elementor-top-section elementor-element elementor-element-4608b5b0 elementor-section-boxed elementor-section-height-default elementor-section-height-default\" data-id=\"4608b5b0\" data-element_type=\"section\" data-e-type=\"section\">\n\t\t\t\t\t\t<div class=\"elementor-container elementor-column-gap-default\">\n\t\t\t\t\t<div class=\"aux-parallax-section elementor-column elementor-col-100 elementor-top-column elementor-element elementor-element-3a424c7e\" data-id=\"3a424c7e\" data-element_type=\"column\" data-e-type=\"column\">\n\t\t\t<div class=\"elementor-widget-wrap elementor-element-populated\">\n\t\t\t\t\t\t<div class=\"elementor-element elementor-element-146fa951 elementor-widget elementor-widget-text-editor\" data-id=\"146fa951\" data-element_type=\"widget\" data-e-type=\"widget\" data-widget_type=\"text-editor.default\">\n\t\t\t\t<div class=\"elementor-widget-container\">\n\t\t\t\t\t\t\t\t\t<strong>Alejandro Labanda,<\/strong> director de Transici\u00f3n Ecol\u00f3gica de beBartlet, <strong>analiza<\/strong> en &#8217;20 Minutos&#8217; <strong>el crecimiento de la potencia renovable en Espa\u00f1a desde 2018<\/strong> y se\u00f1ala a la fotovoltaica y la e\u00f3lica como puntos clave de este crecimiento.\r\n\r\n<strong>&#8220;Lo que ha sucedido durante los \u00faltimos a\u00f1os es que ha funcionado el\u00a0marco normativo\u00a0del despliegue renovable.<\/strong> La evoluci\u00f3n de los \u00faltimos a\u00f1os se sustenta, sobre todo, en la fotovoltaica, que ha venido instalando a unos ritmos muy grandes. Ha venido a resolver una anomal\u00eda:<strong> no ten\u00eda ning\u00fan sentido que con el recurso solar que tenemos en Espa\u00f1a no fuese una de nuestras principales tecnolog\u00edas.<\/strong> Ya es la segunda en potencia y la tercera en generaci\u00f3n. El reto que tenemos es mantener el ritmo en solar y aumentarlo en la e\u00f3lica y hacerlo con licencia social. Para ello, <strong>debemos agilizar la tramitaci\u00f3n e impulsar la repotenciaci\u00f3n, la hibridaci\u00f3n, la e\u00f3lica &#8216;off-shore&#8217; y desplegar solar en comunidades aut\u00f3nomas<\/strong> en las que hasta ahora se ha llevado un ritmo m\u00e1s lento&#8221;, se\u00f1ala el director de Transici\u00f3n Ecol\u00f3gica en beBartlet,\u00a0<b>Alejandro Labanda.<\/b>\t\t\t\t\t\t\t\t<\/div>\n\t\t\t\t<\/div>\n\t\t\t\t<div class=\"elementor-element elementor-element-acd9f04 elementor-widget elementor-widget-button\" data-id=\"acd9f04\" data-element_type=\"widget\" data-e-type=\"widget\" data-widget_type=\"button.default\">\n\t\t\t\t<div class=\"elementor-widget-container\">\n\t\t\t\t\t\t\t\t\t<div class=\"elementor-button-wrapper\">\n\t\t\t\t\t<a class=\"elementor-button elementor-button-link elementor-size-sm\" href=\"https:\/\/www.20minutos.es\/lainformacion\/economia-y-finanzas\/casi-dos-tercios-potencia-electrica-espana-renovables-crecer-2018-5589311\/\" target=\"_blank\" rel=\"noopener\">\n\t\t\t\t\t\t<span class=\"elementor-button-content-wrapper\">\n\t\t\t\t\t\t\t\t\t<span class=\"elementor-button-text\">Ver noticia<\/span>\n\t\t\t\t\t<\/span>\n\t\t\t\t\t<\/a>\n\t\t\t\t<\/div>\n\t\t\t\t\t\t\t\t<\/div>\n\t\t\t\t<\/div>\n\t\t\t\t\t<\/div>\n\t\t<\/div>\n\t\t\t\t\t<\/div>\n\t\t<\/section>\n\t\t\t\t<\/div>\n\t\t","protected":false},"excerpt":{"rendered":"<p>Alejandro Labanda, director de Transici\u00f3n Ecol\u00f3gica de beBartlet, analiza en &#8217;20 Minutos&#8217; el crecimiento de la potencia renovable en Espa\u00f1a desde 2018 y se\u00f1ala a la fotovoltaica y la e\u00f3lica como puntos clave de este crecimiento. &#8220;Lo que ha sucedido durante los \u00faltimos a\u00f1os es que ha funcionado el\u00a0marco normativo\u00a0del despliegue renovable. La evoluci\u00f3n de [&hellip;]<\/p>\n","protected":false},"author":8,"featured_media":16551,"comment_status":"closed","ping_status":"open","sticky":false,"template":"","format":"standard","meta":{"footnotes":""},"categories":[1132,1117],"tags":[1156,1344],"class_list":["post-16550","post","type-post","status-publish","format-standard","has-post-thumbnail","hentry","category-20minutos-es-pt","category-imprensa-pt","tag-incidencia-publica","tag-renovables"],"_links":{"self":[{"href":"https:\/\/bebartlet.com\/pt-pt\/wp-json\/wp\/v2\/posts\/16550","targetHints":{"allow":["GET"]}}],"collection":[{"href":"https:\/\/bebartlet.com\/pt-pt\/wp-json\/wp\/v2\/posts"}],"about":[{"href":"https:\/\/bebartlet.com\/pt-pt\/wp-json\/wp\/v2\/types\/post"}],"author":[{"embeddable":true,"href":"https:\/\/bebartlet.com\/pt-pt\/wp-json\/wp\/v2\/users\/8"}],"replies":[{"embeddable":true,"href":"https:\/\/bebartlet.com\/pt-pt\/wp-json\/wp\/v2\/comments?post=16550"}],"version-history":[{"count":0,"href":"https:\/\/bebartlet.com\/pt-pt\/wp-json\/wp\/v2\/posts\/16550\/revisions"}],"wp:featuredmedia":[{"embeddable":true,"href":"https:\/\/bebartlet.com\/pt-pt\/wp-json\/wp\/v2\/media\/16551"}],"wp:attachment":[{"href":"https:\/\/bebartlet.com\/pt-pt\/wp-json\/wp\/v2\/media?parent=16550"}],"wp:term":[{"taxonomy":"category","embeddable":true,"href":"https:\/\/bebartlet.com\/pt-pt\/wp-json\/wp\/v2\/categories?post=16550"},{"taxonomy":"post_tag","embeddable":true,"href":"https:\/\/bebartlet.com\/pt-pt\/wp-json\/wp\/v2\/tags?post=16550"}],"curies":[{"name":"wp","href":"https:\/\/api.w.org\/{rel}","templated":true}]}}