{"id":16564,"date":"2024-07-01T15:41:08","date_gmt":"2024-07-01T13:41:08","guid":{"rendered":"https:\/\/bebartlet.com\/una-tarde-en-el-teatro-a-las-puertas-del-verano\/"},"modified":"2024-07-01T15:41:08","modified_gmt":"2024-07-01T13:41:08","slug":"una-tarde-en-el-teatro-a-las-puertas-del-verano","status":"publish","type":"post","link":"https:\/\/bebartlet.com\/pt-pt\/una-tarde-en-el-teatro-a-las-puertas-del-verano\/","title":{"rendered":"Incidencia p\u00fablica: una tarde en el teatro a las puertas del verano"},"content":{"rendered":"\t\t<div data-elementor-type=\"wp-post\" data-elementor-id=\"16564\" class=\"elementor elementor-16564 elementor-9990\" data-elementor-post-type=\"post\">\n\t\t\t\t\t\t<section class=\"elementor-section elementor-top-section elementor-element elementor-element-2344c6c0 elementor-section-boxed elementor-section-height-default elementor-section-height-default\" data-id=\"2344c6c0\" data-element_type=\"section\" data-e-type=\"section\">\n\t\t\t\t\t\t<div class=\"elementor-container elementor-column-gap-default\">\n\t\t\t\t\t<div class=\"aux-parallax-section elementor-column elementor-col-100 elementor-top-column elementor-element elementor-element-6d319bb6\" data-id=\"6d319bb6\" data-element_type=\"column\" data-e-type=\"column\">\n\t\t\t<div class=\"elementor-widget-wrap elementor-element-populated\">\n\t\t\t\t\t\t<div class=\"elementor-element elementor-element-3bea228d elementor-widget elementor-widget-text-editor\" data-id=\"3bea228d\" data-element_type=\"widget\" data-e-type=\"widget\" data-widget_type=\"text-editor.default\">\n\t\t\t\t<div class=\"elementor-widget-container\">\n\t\t\t\t\t\t\t\t\t<p>Adrian Jofre Bosch y Nacho Corredor, socios y fundadores de beBartlet, presentaron el pasado 3 de junio en el Teatro de la Abad\u00eda su \u00faltimo libro: &#8216;Incidencia P\u00fablica: el poder en el siglo XXI&#8217; junto a m\u00e1s de 200 l\u00edderes institucionales, empresariales, sociales y medi\u00e1ticos.<\/p><p><span class=\"css-1jxf684 r-bcqeeo r-1ttztb7 r-qvutc0 r-poiln3\">No es la pel\u00edcula de un libro, pero (algo) se le parece. <\/span><span class=\"css-1jxf684 r-bcqeeo r-1ttztb7 r-qvutc0 r-poiln3\">Un divertimento entre The Office y The Thick of it.<\/span><\/p>\t\t\t\t\t\t\t\t<\/div>\n\t\t\t\t<\/div>\n\t\t\t\t\t<\/div>\n\t\t<\/div>\n\t\t\t\t\t<\/div>\n\t\t<\/section>\n\t\t\t\t<section class=\"elementor-section elementor-top-section elementor-element elementor-element-2765612 elementor-section-boxed elementor-section-height-default elementor-section-height-default\" data-id=\"2765612\" data-element_type=\"section\" data-e-type=\"section\">\n\t\t\t\t\t\t<div class=\"elementor-container elementor-column-gap-default\">\n\t\t\t\t\t<div class=\"aux-parallax-section elementor-column elementor-col-100 elementor-top-column elementor-element elementor-element-c1d6b10\" data-id=\"c1d6b10\" data-element_type=\"column\" data-e-type=\"column\">\n\t\t\t<div class=\"elementor-widget-wrap elementor-element-populated\">\n\t\t\t\t\t\t<div class=\"elementor-element elementor-element-2c12eeb elementor-widget elementor-widget-video\" data-id=\"2c12eeb\" data-element_type=\"widget\" data-e-type=\"widget\" data-settings=\"{&quot;youtube_url&quot;:&quot;https:\\\/\\\/www.youtube.com\\\/watch?v=mcgcXz2f5GI&amp;t=18s&quot;,&quot;video_type&quot;:&quot;youtube&quot;,&quot;controls&quot;:&quot;yes&quot;}\" data-widget_type=\"video.default\">\n\t\t\t\t<div class=\"elementor-widget-container\">\n\t\t\t\t\t\t\t<div class=\"elementor-wrapper elementor-open-inline\">\n\t\t\t<div class=\"elementor-video\"><\/div>\t\t<\/div>\n\t\t\t\t\t\t<\/div>\n\t\t\t\t<\/div>\n\t\t\t\t\t<\/div>\n\t\t<\/div>\n\t\t\t\t\t<\/div>\n\t\t<\/section>\n\t\t\t\t<\/div>\n\t\t","protected":false},"excerpt":{"rendered":"<p>Adrian Jofre Bosch y Nacho Corredor, socios y fundadores de beBartlet, presentaron el pasado 3 de junio en el Teatro de la Abad\u00eda su \u00faltimo libro: &#8216;Incidencia P\u00fablica: el poder en el siglo XXI&#8217; junto a m\u00e1s de 200 l\u00edderes institucionales, empresariales, sociales y medi\u00e1ticos. No es la pel\u00edcula de un libro, pero (algo) se [&hellip;]<\/p>\n","protected":false},"author":8,"featured_media":16565,"comment_status":"closed","ping_status":"open","sticky":false,"template":"","format":"standard","meta":{"footnotes":""},"categories":[1115],"tags":[1187,1156,1351,1345],"class_list":["post-16564","post","type-post","status-publish","format-standard","has-post-thumbnail","hentry","category-bebartlet-pt","tag-adrian-jofre-bosch","tag-incidencia-publica","tag-libros","tag-nacho-corredor"],"_links":{"self":[{"href":"https:\/\/bebartlet.com\/pt-pt\/wp-json\/wp\/v2\/posts\/16564","targetHints":{"allow":["GET"]}}],"collection":[{"href":"https:\/\/bebartlet.com\/pt-pt\/wp-json\/wp\/v2\/posts"}],"about":[{"href":"https:\/\/bebartlet.com\/pt-pt\/wp-json\/wp\/v2\/types\/post"}],"author":[{"embeddable":true,"href":"https:\/\/bebartlet.com\/pt-pt\/wp-json\/wp\/v2\/users\/8"}],"replies":[{"embeddable":true,"href":"https:\/\/bebartlet.com\/pt-pt\/wp-json\/wp\/v2\/comments?post=16564"}],"version-history":[{"count":0,"href":"https:\/\/bebartlet.com\/pt-pt\/wp-json\/wp\/v2\/posts\/16564\/revisions"}],"wp:featuredmedia":[{"embeddable":true,"href":"https:\/\/bebartlet.com\/pt-pt\/wp-json\/wp\/v2\/media\/16565"}],"wp:attachment":[{"href":"https:\/\/bebartlet.com\/pt-pt\/wp-json\/wp\/v2\/media?parent=16564"}],"wp:term":[{"taxonomy":"category","embeddable":true,"href":"https:\/\/bebartlet.com\/pt-pt\/wp-json\/wp\/v2\/categories?post=16564"},{"taxonomy":"post_tag","embeddable":true,"href":"https:\/\/bebartlet.com\/pt-pt\/wp-json\/wp\/v2\/tags?post=16564"}],"curies":[{"name":"wp","href":"https:\/\/api.w.org\/{rel}","templated":true}]}}