{"id":16586,"date":"2024-04-21T12:39:11","date_gmt":"2024-04-21T10:39:11","guid":{"rendered":"https:\/\/bebartlet.com\/alejandro-labanda-bebartlet-analiza-en-expansion-la-bajada-en-las-instalaciones-de-autoconsumo\/"},"modified":"2024-04-21T12:39:11","modified_gmt":"2024-04-21T10:39:11","slug":"alejandro-labanda-bebartlet-analiza-en-expansion-la-bajada-en-las-instalaciones-de-autoconsumo","status":"publish","type":"post","link":"https:\/\/bebartlet.com\/pt-pt\/alejandro-labanda-bebartlet-analiza-en-expansion-la-bajada-en-las-instalaciones-de-autoconsumo\/","title":{"rendered":"Alejandro Labanda (beBartlet) analiza en Expansi\u00f3n la bajada en las instalaciones de autoconsumo"},"content":{"rendered":"\t\t<div data-elementor-type=\"wp-post\" data-elementor-id=\"16586\" class=\"elementor elementor-16586 elementor-10455\" data-elementor-post-type=\"post\">\n\t\t\t\t\t\t<section class=\"elementor-section elementor-top-section elementor-element elementor-element-3b93b022 elementor-section-boxed elementor-section-height-default elementor-section-height-default\" data-id=\"3b93b022\" data-element_type=\"section\" data-e-type=\"section\">\n\t\t\t\t\t\t<div class=\"elementor-container elementor-column-gap-default\">\n\t\t\t\t\t<div class=\"aux-parallax-section elementor-column elementor-col-100 elementor-top-column elementor-element elementor-element-75b6404d\" data-id=\"75b6404d\" data-element_type=\"column\" data-e-type=\"column\">\n\t\t\t<div class=\"elementor-widget-wrap elementor-element-populated\">\n\t\t\t\t\t\t<div class=\"elementor-element elementor-element-7374bd elementor-widget elementor-widget-text-editor\" data-id=\"7374bd\" data-element_type=\"widget\" data-e-type=\"widget\" data-widget_type=\"text-editor.default\">\n\t\t\t\t<div class=\"elementor-widget-container\">\n\t\t\t\t\t\t\t\t\t<p>Alejandro Labanda, director de Transici\u00f3n Ecol\u00f3gica de beBartlet, analiza en Expansi\u00f3n la ca\u00edda de las instalaciones de autoconsumo debido a la bajada de precios de la electricidad.<\/p>\n<p>Para el director de beBartlet, el panorama de precios <strong>perjudica &#8220;al proceso de despliegue renovable porque si hay precios tan bajos, se reduce mucho la inversi\u00f3n para nuevas plantas&#8221;.&nbsp;<\/strong><\/p>\t\t\t\t\t\t\t\t<\/div>\n\t\t\t\t<\/div>\n\t\t\t\t\t<\/div>\n\t\t<\/div>\n\t\t\t\t\t<\/div>\n\t\t<\/section>\n\t\t\t\t<section class=\"elementor-section elementor-top-section elementor-element elementor-element-7df43a6 elementor-section-boxed elementor-section-height-default elementor-section-height-default\" data-id=\"7df43a6\" data-element_type=\"section\" data-e-type=\"section\">\n\t\t\t\t\t\t<div class=\"elementor-container elementor-column-gap-default\">\n\t\t\t\t\t<div class=\"aux-parallax-section elementor-column elementor-col-100 elementor-top-column elementor-element elementor-element-dda54a0\" data-id=\"dda54a0\" data-element_type=\"column\" data-e-type=\"column\">\n\t\t\t<div class=\"elementor-widget-wrap elementor-element-populated\">\n\t\t\t\t\t\t<div class=\"elementor-element elementor-element-f7e959d elementor-widget elementor-widget-button\" data-id=\"f7e959d\" data-element_type=\"widget\" data-e-type=\"widget\" data-widget_type=\"button.default\">\n\t\t\t\t<div class=\"elementor-widget-container\">\n\t\t\t\t\t\t\t\t\t<div class=\"elementor-button-wrapper\">\n\t\t\t\t\t<a class=\"elementor-button elementor-button-link elementor-size-sm\" href=\"https:\/\/www.expansion.com\/empresas\/energia\/2024\/04\/21\/6624d3f2e5fdea297e8b4598.html\" target=\"_blank\" rel=\"noopener\">\n\t\t\t\t\t\t<span class=\"elementor-button-content-wrapper\">\n\t\t\t\t\t\t\t\t\t<span class=\"elementor-button-text\">Ver noticia<\/span>\n\t\t\t\t\t<\/span>\n\t\t\t\t\t<\/a>\n\t\t\t\t<\/div>\n\t\t\t\t\t\t\t\t<\/div>\n\t\t\t\t<\/div>\n\t\t\t\t\t<\/div>\n\t\t<\/div>\n\t\t\t\t\t<\/div>\n\t\t<\/section>\n\t\t\t\t<\/div>\n\t\t","protected":false},"excerpt":{"rendered":"<p>Alejandro Labanda, director de Transici\u00f3n Ecol\u00f3gica de beBartlet, analiza en Expansi\u00f3n la ca\u00edda de las instalaciones de autoconsumo debido a la bajada de precios de la electricidad. Para el director de beBartlet, el panorama de precios perjudica &#8220;al proceso de despliegue renovable porque si hay precios tan bajos, se reduce mucho la inversi\u00f3n para nuevas [&hellip;]<\/p>\n","protected":false},"author":8,"featured_media":16587,"comment_status":"closed","ping_status":"open","sticky":false,"template":"","format":"standard","meta":{"footnotes":""},"categories":[1117,1146],"tags":[1342,1365,1366,1156,1346],"class_list":["post-16586","post","type-post","status-publish","format-standard","has-post-thumbnail","hentry","category-imprensa-pt","category-expasion-pt","tag-alejandro-labanda","tag-autoconsumo","tag-expansion","tag-incidencia-publica","tag-transicion-energetica"],"_links":{"self":[{"href":"https:\/\/bebartlet.com\/pt-pt\/wp-json\/wp\/v2\/posts\/16586","targetHints":{"allow":["GET"]}}],"collection":[{"href":"https:\/\/bebartlet.com\/pt-pt\/wp-json\/wp\/v2\/posts"}],"about":[{"href":"https:\/\/bebartlet.com\/pt-pt\/wp-json\/wp\/v2\/types\/post"}],"author":[{"embeddable":true,"href":"https:\/\/bebartlet.com\/pt-pt\/wp-json\/wp\/v2\/users\/8"}],"replies":[{"embeddable":true,"href":"https:\/\/bebartlet.com\/pt-pt\/wp-json\/wp\/v2\/comments?post=16586"}],"version-history":[{"count":0,"href":"https:\/\/bebartlet.com\/pt-pt\/wp-json\/wp\/v2\/posts\/16586\/revisions"}],"wp:featuredmedia":[{"embeddable":true,"href":"https:\/\/bebartlet.com\/pt-pt\/wp-json\/wp\/v2\/media\/16587"}],"wp:attachment":[{"href":"https:\/\/bebartlet.com\/pt-pt\/wp-json\/wp\/v2\/media?parent=16586"}],"wp:term":[{"taxonomy":"category","embeddable":true,"href":"https:\/\/bebartlet.com\/pt-pt\/wp-json\/wp\/v2\/categories?post=16586"},{"taxonomy":"post_tag","embeddable":true,"href":"https:\/\/bebartlet.com\/pt-pt\/wp-json\/wp\/v2\/tags?post=16586"}],"curies":[{"name":"wp","href":"https:\/\/api.w.org\/{rel}","templated":true}]}}