{"id":16592,"date":"2024-04-06T10:12:31","date_gmt":"2024-04-06T08:12:31","guid":{"rendered":"https:\/\/bebartlet.com\/alejandro-labanda-bebartlet-en-20-minutos-vamos-a-horas-solares-con-muchas-horas-a-cero-euros\/"},"modified":"2024-04-06T10:12:31","modified_gmt":"2024-04-06T08:12:31","slug":"alejandro-labanda-bebartlet-en-20-minutos-vamos-a-horas-solares-con-muchas-horas-a-cero-euros","status":"publish","type":"post","link":"https:\/\/bebartlet.com\/pt-pt\/alejandro-labanda-bebartlet-en-20-minutos-vamos-a-horas-solares-con-muchas-horas-a-cero-euros\/","title":{"rendered":"Alejandro Labanda (beBartlet) en 20 Minutos: &#8220;&#8221;Vamos a horas solares con muchas horas a cero euros&#8221;"},"content":{"rendered":"\t\t<div data-elementor-type=\"wp-post\" data-elementor-id=\"16592\" class=\"elementor elementor-16592 elementor-10387\" data-elementor-post-type=\"post\">\n\t\t\t\t\t\t<section class=\"elementor-section elementor-top-section elementor-element elementor-element-5f2ecb52 elementor-section-boxed elementor-section-height-default elementor-section-height-default\" data-id=\"5f2ecb52\" data-element_type=\"section\" data-e-type=\"section\">\n\t\t\t\t\t\t<div class=\"elementor-container elementor-column-gap-default\">\n\t\t\t\t\t<div class=\"aux-parallax-section elementor-column elementor-col-100 elementor-top-column elementor-element elementor-element-78d584bf\" data-id=\"78d584bf\" data-element_type=\"column\" data-e-type=\"column\">\n\t\t\t<div class=\"elementor-widget-wrap elementor-element-populated\">\n\t\t\t\t\t\t<div class=\"elementor-element elementor-element-35b7c9b7 elementor-widget elementor-widget-text-editor\" data-id=\"35b7c9b7\" data-element_type=\"widget\" data-e-type=\"widget\" data-widget_type=\"text-editor.default\">\n\t\t\t\t<div class=\"elementor-widget-container\">\n\t\t\t\t\t\t\t\t\tEl director de Transici\u00f3n Ecol\u00f3gica de beBartlet, Alejandro Labanda, ha sido entrevistado en 20 Minutos sobre la evoluci\u00f3n de los precios de la electricidad gracias a las renovables y c\u00f3mo esta bajada de precios puede perjudicar a las inversiones.\r\n\r\nLabanda cree que<b>\u00a0&#8220;puede llegar antes un despliegue del almacenamiento&#8221; <\/b>antes de que los promotores sufran las consecuencias de la ca\u00edda de precios.\r\n\r\nIgualmente, Labanda apunta sobre el precio de la electricidad que &#8220;v<b>amos a horas solares con muchas horas a cero euros&#8221;. Adem\u00e1s, el director de beBartlet se\u00f1ala <\/b>que &#8220;habr\u00e1 horas altas [de precios] cuando aumente la demanda por las horas de calor&#8221;.\r\n\r\n&nbsp;\t\t\t\t\t\t\t\t<\/div>\n\t\t\t\t<\/div>\n\t\t\t\t\t<\/div>\n\t\t<\/div>\n\t\t\t\t\t<\/div>\n\t\t<\/section>\n\t\t\t\t<section class=\"elementor-section elementor-top-section elementor-element elementor-element-e0aa348 elementor-section-boxed elementor-section-height-default elementor-section-height-default\" data-id=\"e0aa348\" data-element_type=\"section\" data-e-type=\"section\">\n\t\t\t\t\t\t<div class=\"elementor-container elementor-column-gap-default\">\n\t\t\t\t\t<div class=\"aux-parallax-section elementor-column elementor-col-100 elementor-top-column elementor-element elementor-element-edb1fcc\" data-id=\"edb1fcc\" data-element_type=\"column\" data-e-type=\"column\">\n\t\t\t<div class=\"elementor-widget-wrap elementor-element-populated\">\n\t\t\t\t\t\t<div class=\"elementor-element elementor-element-1f5209d elementor-widget elementor-widget-button\" data-id=\"1f5209d\" data-element_type=\"widget\" data-e-type=\"widget\" data-widget_type=\"button.default\">\n\t\t\t\t<div class=\"elementor-widget-container\">\n\t\t\t\t\t\t\t\t\t<div class=\"elementor-button-wrapper\">\n\t\t\t\t\t<a class=\"elementor-button elementor-button-link elementor-size-sm\" href=\"https:\/\/www.20minutos.es\/noticia\/5233482\/0\/cara-b-luz-tirada-precio-gobierno-sector-renovable-guardia-ante-riesgo-que-perjudique-inversion\/\" target=\"_blank\" rel=\"noopener\">\n\t\t\t\t\t\t<span class=\"elementor-button-content-wrapper\">\n\t\t\t\t\t\t\t\t\t<span class=\"elementor-button-text\">Ver noticia<\/span>\n\t\t\t\t\t<\/span>\n\t\t\t\t\t<\/a>\n\t\t\t\t<\/div>\n\t\t\t\t\t\t\t\t<\/div>\n\t\t\t\t<\/div>\n\t\t\t\t\t<\/div>\n\t\t<\/div>\n\t\t\t\t\t<\/div>\n\t\t<\/section>\n\t\t\t\t<\/div>\n\t\t","protected":false},"excerpt":{"rendered":"<p>El director de Transici\u00f3n Ecol\u00f3gica de beBartlet, Alejandro Labanda, ha sido entrevistado en 20 Minutos sobre la evoluci\u00f3n de los precios de la electricidad gracias a las renovables y c\u00f3mo esta bajada de precios puede perjudicar a las inversiones. Labanda cree que\u00a0&#8220;puede llegar antes un despliegue del almacenamiento&#8221; antes de que los promotores sufran las [&hellip;]<\/p>\n","protected":false},"author":8,"featured_media":16593,"comment_status":"closed","ping_status":"open","sticky":false,"template":"","format":"standard","meta":{"footnotes":""},"categories":[1132,1117,1109],"tags":[1342,1157,1156,1367,1346],"class_list":["post-16592","post","type-post","status-publish","format-standard","has-post-thumbnail","hentry","category-20minutos-es-pt","category-imprensa-pt","category-sem-categoria","tag-alejandro-labanda","tag-bebartlet","tag-incidencia-publica","tag-precios-luz","tag-transicion-energetica"],"_links":{"self":[{"href":"https:\/\/bebartlet.com\/pt-pt\/wp-json\/wp\/v2\/posts\/16592","targetHints":{"allow":["GET"]}}],"collection":[{"href":"https:\/\/bebartlet.com\/pt-pt\/wp-json\/wp\/v2\/posts"}],"about":[{"href":"https:\/\/bebartlet.com\/pt-pt\/wp-json\/wp\/v2\/types\/post"}],"author":[{"embeddable":true,"href":"https:\/\/bebartlet.com\/pt-pt\/wp-json\/wp\/v2\/users\/8"}],"replies":[{"embeddable":true,"href":"https:\/\/bebartlet.com\/pt-pt\/wp-json\/wp\/v2\/comments?post=16592"}],"version-history":[{"count":0,"href":"https:\/\/bebartlet.com\/pt-pt\/wp-json\/wp\/v2\/posts\/16592\/revisions"}],"wp:featuredmedia":[{"embeddable":true,"href":"https:\/\/bebartlet.com\/pt-pt\/wp-json\/wp\/v2\/media\/16593"}],"wp:attachment":[{"href":"https:\/\/bebartlet.com\/pt-pt\/wp-json\/wp\/v2\/media?parent=16592"}],"wp:term":[{"taxonomy":"category","embeddable":true,"href":"https:\/\/bebartlet.com\/pt-pt\/wp-json\/wp\/v2\/categories?post=16592"},{"taxonomy":"post_tag","embeddable":true,"href":"https:\/\/bebartlet.com\/pt-pt\/wp-json\/wp\/v2\/tags?post=16592"}],"curies":[{"name":"wp","href":"https:\/\/api.w.org\/{rel}","templated":true}]}}