{"id":16596,"date":"2024-04-01T12:54:01","date_gmt":"2024-04-01T10:54:01","guid":{"rendered":"https:\/\/bebartlet.com\/el-director-de-transicion-ecologica-de-bebartlet-alejandro-labanda-analiza-en-cinco-dias-el-regreso-del-iva-de-la-luz-al-21\/"},"modified":"2024-04-01T12:54:01","modified_gmt":"2024-04-01T10:54:01","slug":"el-director-de-transicion-ecologica-de-bebartlet-alejandro-labanda-analiza-en-cinco-dias-el-regreso-del-iva-de-la-luz-al-21","status":"publish","type":"post","link":"https:\/\/bebartlet.com\/pt-pt\/el-director-de-transicion-ecologica-de-bebartlet-alejandro-labanda-analiza-en-cinco-dias-el-regreso-del-iva-de-la-luz-al-21\/","title":{"rendered":"El director de Transici\u00f3n Ecol\u00f3gica de beBartlet, Alejandro Labanda, analiza en Cinco D\u00edas el regreso del IVA de la luz al 21%"},"content":{"rendered":"\t\t<div data-elementor-type=\"wp-post\" data-elementor-id=\"16596\" class=\"elementor elementor-16596 elementor-10483\" data-elementor-post-type=\"post\">\n\t\t\t\t\t\t<section class=\"elementor-section elementor-top-section elementor-element elementor-element-d4ade4e elementor-section-boxed elementor-section-height-default elementor-section-height-default\" data-id=\"d4ade4e\" data-element_type=\"section\" data-e-type=\"section\">\n\t\t\t\t\t\t<div class=\"elementor-container elementor-column-gap-default\">\n\t\t\t\t\t<div class=\"aux-parallax-section elementor-column elementor-col-100 elementor-top-column elementor-element elementor-element-672a3f6d\" data-id=\"672a3f6d\" data-element_type=\"column\" data-e-type=\"column\">\n\t\t\t<div class=\"elementor-widget-wrap elementor-element-populated\">\n\t\t\t\t\t\t<div class=\"elementor-element elementor-element-69338296 elementor-widget elementor-widget-text-editor\" data-id=\"69338296\" data-element_type=\"widget\" data-e-type=\"widget\" data-widget_type=\"text-editor.default\">\n\t\t\t\t<div class=\"elementor-widget-container\">\n\t\t\t\t\t\t\t\t\t<strong>Alejandro Labanda<\/strong>, director de Transici\u00f3n Ecol\u00f3gica de beBartlet, analiza en Cinco D\u00edas el <strong>regreso del IVA de la luz al<\/strong> <strong>21% y sus consecuencias para el consumo.\u00a0<\/strong>\r\n\r\n<strong>&#8220;Para lograr el objetivo \u00faltimo de la electrificaci\u00f3n, la fiscalidad es una palanca muy v\u00e1lida<\/strong>: no hay que obcecarse, pero tampoco hay que perder la oportunidad de redise\u00f1ar las figuras impositivas actuales para incentivarla&#8221;, se\u00f1ala.\t\t\t\t\t\t\t\t<\/div>\n\t\t\t\t<\/div>\n\t\t\t\t\t<\/div>\n\t\t<\/div>\n\t\t\t\t\t<\/div>\n\t\t<\/section>\n\t\t\t\t<section class=\"elementor-section elementor-top-section elementor-element elementor-element-d5d3a86 elementor-section-boxed elementor-section-height-default elementor-section-height-default\" data-id=\"d5d3a86\" data-element_type=\"section\" data-e-type=\"section\">\n\t\t\t\t\t\t<div class=\"elementor-container elementor-column-gap-default\">\n\t\t\t\t\t<div class=\"aux-parallax-section elementor-column elementor-col-100 elementor-top-column elementor-element elementor-element-6140a76\" data-id=\"6140a76\" data-element_type=\"column\" data-e-type=\"column\">\n\t\t\t<div class=\"elementor-widget-wrap elementor-element-populated\">\n\t\t\t\t\t\t<div class=\"elementor-element elementor-element-245cc2f elementor-widget elementor-widget-button\" data-id=\"245cc2f\" data-element_type=\"widget\" data-e-type=\"widget\" data-widget_type=\"button.default\">\n\t\t\t\t<div class=\"elementor-widget-container\">\n\t\t\t\t\t\t\t\t\t<div class=\"elementor-button-wrapper\">\n\t\t\t\t\t<a class=\"elementor-button elementor-button-link elementor-size-sm\" href=\"https:\/\/cincodias.elpais.com\/companias\/2024-04-01\/el-regreso-del-iva-de-la-luz-al-21-reabre-el-debate-sobre-los-incentivos-fiscales-a-la-transicion-energetica.html\" target=\"_blank\" rel=\"noopener\">\n\t\t\t\t\t\t<span class=\"elementor-button-content-wrapper\">\n\t\t\t\t\t\t\t\t\t<span class=\"elementor-button-text\">Ver noticia<\/span>\n\t\t\t\t\t<\/span>\n\t\t\t\t\t<\/a>\n\t\t\t\t<\/div>\n\t\t\t\t\t\t\t\t<\/div>\n\t\t\t\t<\/div>\n\t\t\t\t\t<\/div>\n\t\t<\/div>\n\t\t\t\t\t<\/div>\n\t\t<\/section>\n\t\t\t\t<\/div>\n\t\t","protected":false},"excerpt":{"rendered":"<p>Alejandro Labanda, director de Transici\u00f3n Ecol\u00f3gica de beBartlet, analiza en Cinco D\u00edas el regreso del IVA de la luz al 21% y sus consecuencias para el consumo.\u00a0 &#8220;Para lograr el objetivo \u00faltimo de la electrificaci\u00f3n, la fiscalidad es una palanca muy v\u00e1lida: no hay que obcecarse, pero tampoco hay que perder la oportunidad de redise\u00f1ar [&hellip;]<\/p>\n","protected":false},"author":8,"featured_media":16597,"comment_status":"closed","ping_status":"open","sticky":false,"template":"","format":"standard","meta":{"footnotes":""},"categories":[1117,1137],"tags":[1342,1369,1370,1371],"class_list":["post-16596","post","type-post","status-publish","format-standard","has-post-thumbnail","hentry","category-imprensa-pt","category-cincodias-pt","tag-alejandro-labanda","tag-cincodias","tag-el-pais","tag-factura-luz"],"_links":{"self":[{"href":"https:\/\/bebartlet.com\/pt-pt\/wp-json\/wp\/v2\/posts\/16596","targetHints":{"allow":["GET"]}}],"collection":[{"href":"https:\/\/bebartlet.com\/pt-pt\/wp-json\/wp\/v2\/posts"}],"about":[{"href":"https:\/\/bebartlet.com\/pt-pt\/wp-json\/wp\/v2\/types\/post"}],"author":[{"embeddable":true,"href":"https:\/\/bebartlet.com\/pt-pt\/wp-json\/wp\/v2\/users\/8"}],"replies":[{"embeddable":true,"href":"https:\/\/bebartlet.com\/pt-pt\/wp-json\/wp\/v2\/comments?post=16596"}],"version-history":[{"count":0,"href":"https:\/\/bebartlet.com\/pt-pt\/wp-json\/wp\/v2\/posts\/16596\/revisions"}],"wp:featuredmedia":[{"embeddable":true,"href":"https:\/\/bebartlet.com\/pt-pt\/wp-json\/wp\/v2\/media\/16597"}],"wp:attachment":[{"href":"https:\/\/bebartlet.com\/pt-pt\/wp-json\/wp\/v2\/media?parent=16596"}],"wp:term":[{"taxonomy":"category","embeddable":true,"href":"https:\/\/bebartlet.com\/pt-pt\/wp-json\/wp\/v2\/categories?post=16596"},{"taxonomy":"post_tag","embeddable":true,"href":"https:\/\/bebartlet.com\/pt-pt\/wp-json\/wp\/v2\/tags?post=16596"}],"curies":[{"name":"wp","href":"https:\/\/api.w.org\/{rel}","templated":true}]}}