{"id":16613,"date":"2024-01-18T14:05:09","date_gmt":"2024-01-18T13:05:09","guid":{"rendered":"https:\/\/bebartlet.com\/francina-armengol-ana-botella-y-monica-garcia-el-motivo-del-conclave-politico-en-una-fiesta-con-mariachis\/"},"modified":"2024-01-18T14:05:09","modified_gmt":"2024-01-18T13:05:09","slug":"francina-armengol-ana-botella-y-monica-garcia-el-motivo-del-conclave-politico-en-una-fiesta-con-mariachis","status":"publish","type":"post","link":"https:\/\/bebartlet.com\/pt-pt\/francina-armengol-ana-botella-y-monica-garcia-el-motivo-del-conclave-politico-en-una-fiesta-con-mariachis\/","title":{"rendered":"Francina Armengol, Ana Botella y M\u00f3nica Garc\u00eda: el motivo del c\u00f3nclave pol\u00edtico en una fiesta con mariachis"},"content":{"rendered":"\t\t<div data-elementor-type=\"wp-post\" data-elementor-id=\"16613\" class=\"elementor elementor-16613 elementor-9060\" data-elementor-post-type=\"post\">\n\t\t\t\t\t\t<section class=\"elementor-section elementor-top-section elementor-element elementor-element-2ce69cbb elementor-section-boxed elementor-section-height-default elementor-section-height-default\" data-id=\"2ce69cbb\" data-element_type=\"section\" data-e-type=\"section\">\n\t\t\t\t\t\t<div class=\"elementor-container elementor-column-gap-default\">\n\t\t\t\t\t<div class=\"aux-parallax-section elementor-column elementor-col-100 elementor-top-column elementor-element elementor-element-1b341f2\" data-id=\"1b341f2\" data-element_type=\"column\" data-e-type=\"column\">\n\t\t\t<div class=\"elementor-widget-wrap elementor-element-populated\">\n\t\t\t\t\t\t<div class=\"elementor-element elementor-element-34c53475 elementor-widget elementor-widget-text-editor\" data-id=\"34c53475\" data-element_type=\"widget\" data-e-type=\"widget\" data-widget_type=\"text-editor.default\">\n\t\t\t\t<div class=\"elementor-widget-container\">\n\t\t\t\t\t\t\t\t\t<p>Este jueves, <strong>beBartlet<\/strong> inauguraba <strong>su nueva sede en Gran V\u00eda 62<\/strong> junto a m\u00e1s de <strong>400 pol\u00edticos, periodistas, directivos y activistas<\/strong> en una fiesta a la que <strong>asistieron<\/strong>, entre otras personalidades, <strong>Francina Armengol,<\/strong> presidenta del Congreso de los Diputados, <strong>M\u00f3nica Garc\u00eda<\/strong>, ministra de Sanidad, o <strong>Ana Botella<\/strong>, exalcaldesa de Madrid.<\/p><p><strong>Adrian Jofre Bosch, <\/strong>socio y presidente de beBartlet, y <strong>Nacho Corredor<\/strong>,\u00a0Socio y presidente del C\u00edrculo de Asesores, fueron los embajadores de una jornada\u00a0que se alarg\u00f3 desde las <strong>16:00 hasta pasadas las 00:00,<\/strong> y que cont\u00f3 con multitud de sorpresas para los asistentes como la actuaci\u00f3n de un grupo de Mariachis.<\/p>\t\t\t\t\t\t\t\t<\/div>\n\t\t\t\t<\/div>\n\t\t\t\t<div class=\"elementor-element elementor-element-ef3dc70 elementor-widget elementor-widget-button\" data-id=\"ef3dc70\" data-element_type=\"widget\" data-e-type=\"widget\" data-widget_type=\"button.default\">\n\t\t\t\t<div class=\"elementor-widget-container\">\n\t\t\t\t\t\t\t\t\t<div class=\"elementor-button-wrapper\">\n\t\t\t\t\t<a class=\"elementor-button elementor-button-link elementor-size-sm\" href=\"https:\/\/www.vanitatis.elconfidencial.com\/famosos\/2024-01-12\/fiesta-politicos-gran-via-con-mariachis-ana-botella-armengol_3810077\/\" target=\"_blank\" rel=\"noopener\">\n\t\t\t\t\t\t<span class=\"elementor-button-content-wrapper\">\n\t\t\t\t\t\t\t\t\t<span class=\"elementor-button-text\">Ver noticia<\/span>\n\t\t\t\t\t<\/span>\n\t\t\t\t\t<\/a>\n\t\t\t\t<\/div>\n\t\t\t\t\t\t\t\t<\/div>\n\t\t\t\t<\/div>\n\t\t\t\t\t<\/div>\n\t\t<\/div>\n\t\t\t\t\t<\/div>\n\t\t<\/section>\n\t\t\t\t<\/div>\n\t\t","protected":false},"excerpt":{"rendered":"<p>Este jueves, beBartlet inauguraba su nueva sede en Gran V\u00eda 62 junto a m\u00e1s de 400 pol\u00edticos, periodistas, directivos y activistas en una fiesta a la que asistieron, entre otras personalidades, Francina Armengol, presidenta del Congreso de los Diputados, M\u00f3nica Garc\u00eda, ministra de Sanidad, o Ana Botella, exalcaldesa de Madrid. Adrian Jofre Bosch, socio y [&hellip;]<\/p>\n","protected":false},"author":8,"featured_media":16614,"comment_status":"closed","ping_status":"open","sticky":false,"template":"","format":"standard","meta":{"footnotes":""},"categories":[1117,1116],"tags":[1157,1385,1230],"class_list":["post-16613","post","type-post","status-publish","format-standard","has-post-thumbnail","hentry","category-imprensa-pt","category-el-confidencial-pt","tag-bebartlet","tag-francina-armengol","tag-monica-garcia"],"_links":{"self":[{"href":"https:\/\/bebartlet.com\/pt-pt\/wp-json\/wp\/v2\/posts\/16613","targetHints":{"allow":["GET"]}}],"collection":[{"href":"https:\/\/bebartlet.com\/pt-pt\/wp-json\/wp\/v2\/posts"}],"about":[{"href":"https:\/\/bebartlet.com\/pt-pt\/wp-json\/wp\/v2\/types\/post"}],"author":[{"embeddable":true,"href":"https:\/\/bebartlet.com\/pt-pt\/wp-json\/wp\/v2\/users\/8"}],"replies":[{"embeddable":true,"href":"https:\/\/bebartlet.com\/pt-pt\/wp-json\/wp\/v2\/comments?post=16613"}],"version-history":[{"count":0,"href":"https:\/\/bebartlet.com\/pt-pt\/wp-json\/wp\/v2\/posts\/16613\/revisions"}],"wp:featuredmedia":[{"embeddable":true,"href":"https:\/\/bebartlet.com\/pt-pt\/wp-json\/wp\/v2\/media\/16614"}],"wp:attachment":[{"href":"https:\/\/bebartlet.com\/pt-pt\/wp-json\/wp\/v2\/media?parent=16613"}],"wp:term":[{"taxonomy":"category","embeddable":true,"href":"https:\/\/bebartlet.com\/pt-pt\/wp-json\/wp\/v2\/categories?post=16613"},{"taxonomy":"post_tag","embeddable":true,"href":"https:\/\/bebartlet.com\/pt-pt\/wp-json\/wp\/v2\/tags?post=16613"}],"curies":[{"name":"wp","href":"https:\/\/api.w.org\/{rel}","templated":true}]}}