{"id":16628,"date":"2023-11-30T17:10:53","date_gmt":"2023-11-30T16:10:53","guid":{"rendered":"https:\/\/bebartlet.com\/mejores-decisiones-para-una-nueva-legislatura\/"},"modified":"2023-11-30T17:10:53","modified_gmt":"2023-11-30T16:10:53","slug":"mejores-decisiones-para-una-nueva-legislatura","status":"publish","type":"post","link":"https:\/\/bebartlet.com\/pt-pt\/mejores-decisiones-para-una-nueva-legislatura\/","title":{"rendered":"Mejores decisiones para una nueva legislatura con Nacho Corredor, Diego Gago y Marta Pascal"},"content":{"rendered":"\t\t<div data-elementor-type=\"wp-post\" data-elementor-id=\"16628\" class=\"elementor elementor-16628 elementor-8604\" data-elementor-post-type=\"post\">\n\t\t\t\t\t\t<section class=\"elementor-section elementor-top-section elementor-element elementor-element-277cd727 elementor-section-boxed elementor-section-height-default elementor-section-height-default\" data-id=\"277cd727\" data-element_type=\"section\" data-e-type=\"section\">\n\t\t\t\t\t\t<div class=\"elementor-container elementor-column-gap-default\">\n\t\t\t\t\t<div class=\"aux-parallax-section elementor-column elementor-col-100 elementor-top-column elementor-element elementor-element-7c8e66bc\" data-id=\"7c8e66bc\" data-element_type=\"column\" data-e-type=\"column\">\n\t\t\t<div class=\"elementor-widget-wrap elementor-element-populated\">\n\t\t\t\t\t\t<div class=\"elementor-element elementor-element-3889e20e elementor-widget elementor-widget-text-editor\" data-id=\"3889e20e\" data-element_type=\"widget\" data-e-type=\"widget\" data-widget_type=\"text-editor.default\">\n\t\t\t\t<div class=\"elementor-widget-container\">\n\t\t\t\t\t\t\t\t\t<p><strong>La nueva sede de beBartlet acog\u00eda<\/strong>\u00a0este jueves <strong>una conversaci\u00f3n<\/strong> entre <strong>Nacho Corredor<\/strong>, Socio y Presidente del C\u00edrculo de Asesores, <strong>Diego Gago<\/strong>, director de Estrategia Pol\u00edtica y exdiptuado del PP, y <strong>Marta Pascal,<\/strong> asesora de beBartlet y exportavoz de Converg\u00e8ncia, <strong>sobre los retos<\/strong> en materia pol\u00edtica y econ\u00f3mica<strong> del nuevo Gobierno<\/strong>.<\/p><p><strong>Conducidos por el periodista Julio Somoano<\/strong>, los tres expertos <strong>compartieron<\/strong> con los asistentes <strong>sus reflexiones y algunas de las claves<\/strong> para entender los puntos sobre los que versar\u00e1 <strong>la pr\u00f3xima legislatura<\/strong>.<\/p>\t\t\t\t\t\t\t\t<\/div>\n\t\t\t\t<\/div>\n\t\t\t\t\t<\/div>\n\t\t<\/div>\n\t\t\t\t\t<\/div>\n\t\t<\/section>\n\t\t\t\t<section class=\"elementor-section elementor-top-section elementor-element elementor-element-c1cabb7 elementor-section-boxed elementor-section-height-default elementor-section-height-default\" data-id=\"c1cabb7\" data-element_type=\"section\" data-e-type=\"section\">\n\t\t\t\t\t\t<div class=\"elementor-container elementor-column-gap-default\">\n\t\t\t\t\t<div class=\"aux-parallax-section elementor-column elementor-col-100 elementor-top-column elementor-element elementor-element-27ef642\" data-id=\"27ef642\" data-element_type=\"column\" data-e-type=\"column\">\n\t\t\t<div class=\"elementor-widget-wrap elementor-element-populated\">\n\t\t\t\t\t\t<div class=\"elementor-element elementor-element-811d4c3 elementor-widget elementor-widget-html\" data-id=\"811d4c3\" data-element_type=\"widget\" data-e-type=\"widget\" data-widget_type=\"html.default\">\n\t\t\t\t<div class=\"elementor-widget-container\">\n\t\t\t\t\t<blockquote class=\"twitter-tweet\"><p lang=\"es\" dir=\"ltr\">Mejores decisiones para una nueva legislatura. <br><br>\ud83d\udccdEn beBartlet. <a href=\"https:\/\/t.co\/uyD04b3il2\">pic.twitter.com\/uyD04b3il2<\/a><\/p>&mdash; beBartlet (@be_bartlet) <a href=\"https:\/\/twitter.com\/be_bartlet\/status\/1730158408903352792?ref_src=twsrc%5Etfw\" target=\"_blank\" rel=\"noopener\">November 30, 2023<\/a><\/blockquote> <script async src=\"https:\/\/platform.twitter.com\/widgets.js\" charset=\"utf-8\"><\/script>\t\t\t\t<\/div>\n\t\t\t\t<\/div>\n\t\t\t\t\t<\/div>\n\t\t<\/div>\n\t\t\t\t\t<\/div>\n\t\t<\/section>\n\t\t\t\t<\/div>\n\t\t","protected":false},"excerpt":{"rendered":"<p>La nueva sede de beBartlet acog\u00eda\u00a0este jueves una conversaci\u00f3n entre Nacho Corredor, Socio y Presidente del C\u00edrculo de Asesores, Diego Gago, director de Estrategia Pol\u00edtica y exdiptuado del PP, y Marta Pascal, asesora de beBartlet y exportavoz de Converg\u00e8ncia, sobre los retos en materia pol\u00edtica y econ\u00f3mica del nuevo Gobierno. Conducidos por el periodista Julio [&hellip;]<\/p>\n","protected":false},"author":8,"featured_media":16629,"comment_status":"closed","ping_status":"open","sticky":false,"template":"","format":"standard","meta":{"footnotes":""},"categories":[1115],"tags":[1274,1178,1405,1382],"class_list":["post-16628","post","type-post","status-publish","format-standard","has-post-thumbnail","hentry","category-bebartlet-pt","tag-economia","tag-gobierno","tag-legislatura","tag-politica"],"_links":{"self":[{"href":"https:\/\/bebartlet.com\/pt-pt\/wp-json\/wp\/v2\/posts\/16628","targetHints":{"allow":["GET"]}}],"collection":[{"href":"https:\/\/bebartlet.com\/pt-pt\/wp-json\/wp\/v2\/posts"}],"about":[{"href":"https:\/\/bebartlet.com\/pt-pt\/wp-json\/wp\/v2\/types\/post"}],"author":[{"embeddable":true,"href":"https:\/\/bebartlet.com\/pt-pt\/wp-json\/wp\/v2\/users\/8"}],"replies":[{"embeddable":true,"href":"https:\/\/bebartlet.com\/pt-pt\/wp-json\/wp\/v2\/comments?post=16628"}],"version-history":[{"count":0,"href":"https:\/\/bebartlet.com\/pt-pt\/wp-json\/wp\/v2\/posts\/16628\/revisions"}],"wp:featuredmedia":[{"embeddable":true,"href":"https:\/\/bebartlet.com\/pt-pt\/wp-json\/wp\/v2\/media\/16629"}],"wp:attachment":[{"href":"https:\/\/bebartlet.com\/pt-pt\/wp-json\/wp\/v2\/media?parent=16628"}],"wp:term":[{"taxonomy":"category","embeddable":true,"href":"https:\/\/bebartlet.com\/pt-pt\/wp-json\/wp\/v2\/categories?post=16628"},{"taxonomy":"post_tag","embeddable":true,"href":"https:\/\/bebartlet.com\/pt-pt\/wp-json\/wp\/v2\/tags?post=16628"}],"curies":[{"name":"wp","href":"https:\/\/api.w.org\/{rel}","templated":true}]}}