{"id":16630,"date":"2023-11-30T11:15:07","date_gmt":"2023-11-30T10:15:07","guid":{"rendered":"https:\/\/bebartlet.com\/alejandro-labanda-director-de-transicion-ecologica-detalla-en-capital-radio-el-manifiesto-impulsado-por-bebartlet\/"},"modified":"2023-11-30T11:15:07","modified_gmt":"2023-11-30T10:15:07","slug":"alejandro-labanda-director-de-transicion-ecologica-detalla-en-capital-radio-el-manifiesto-impulsado-por-bebartlet","status":"publish","type":"post","link":"https:\/\/bebartlet.com\/pt-pt\/alejandro-labanda-director-de-transicion-ecologica-detalla-en-capital-radio-el-manifiesto-impulsado-por-bebartlet\/","title":{"rendered":"Alejandro Labanda detalla en Capital Radio el acuerdo para frenar el cambio clim\u00e1tico impulsado por beBartlet"},"content":{"rendered":"\t\t<div data-elementor-type=\"wp-post\" data-elementor-id=\"16630\" class=\"elementor elementor-16630 elementor-8905\" data-elementor-post-type=\"post\">\n\t\t\t\t\t\t<section class=\"elementor-section elementor-top-section elementor-element elementor-element-4a83b305 elementor-section-boxed elementor-section-height-default elementor-section-height-default\" data-id=\"4a83b305\" data-element_type=\"section\" data-e-type=\"section\">\n\t\t\t\t\t\t<div class=\"elementor-container elementor-column-gap-default\">\n\t\t\t\t\t<div class=\"aux-parallax-section elementor-column elementor-col-100 elementor-top-column elementor-element elementor-element-5534d1c8\" data-id=\"5534d1c8\" data-element_type=\"column\" data-e-type=\"column\">\n\t\t\t<div class=\"elementor-widget-wrap elementor-element-populated\">\n\t\t\t\t\t\t<div class=\"elementor-element elementor-element-558a7653 elementor-widget elementor-widget-text-editor\" data-id=\"558a7653\" data-element_type=\"widget\" data-e-type=\"widget\" data-widget_type=\"text-editor.default\">\n\t\t\t\t<div class=\"elementor-widget-container\">\n\t\t\t\t\t\t\t\t\t<p>El director de Transici\u00f3n Ecol\u00f3gica de beBartlet, <strong>Alejandro Labanda,<\/strong> ha estado este jueves <strong>en &#8216;El programa de la energ\u00eda<\/strong>&#8216;, de Capital Radio, <strong>analizando el detalle del <a href=\"https:\/\/bebartlet.com\/lo-hemos-vuelto-a-hacer-un-acuerdo-transversal-para-frenar-el-cambio-climatico\/\">manifiesto impulsado<\/a><\/strong> por beBartlet, firmado por expertos y pol\u00edticos de izquierdas y derechas y publicado El Peri\u00f3dico.<\/p><p>En un contexto de celebraci\u00f3n de la COP28,\u00a0 <strong>Labanda ha indicado que este nuevo \u00e9xito de la Misi\u00f3n beBartlet<\/strong> Transici\u00f3n Ecol\u00f3gica, <strong>ha surgido a partir de la creaci\u00f3n de &#8220;un espacio de di\u00e1logo entre las administraciones desde distintas visiones pol\u00edticas&#8221;.<\/strong><\/p>\t\t\t\t\t\t\t\t<\/div>\n\t\t\t\t<\/div>\n\t\t\t\t\t<\/div>\n\t\t<\/div>\n\t\t\t\t\t<\/div>\n\t\t<\/section>\n\t\t\t\t<section class=\"elementor-section elementor-top-section elementor-element elementor-element-9ff867d elementor-section-boxed elementor-section-height-default elementor-section-height-default\" data-id=\"9ff867d\" data-element_type=\"section\" data-e-type=\"section\">\n\t\t\t\t\t\t<div class=\"elementor-container elementor-column-gap-default\">\n\t\t\t\t\t<div class=\"aux-parallax-section elementor-column elementor-col-100 elementor-top-column elementor-element elementor-element-9e00dfe\" data-id=\"9e00dfe\" data-element_type=\"column\" data-e-type=\"column\">\n\t\t\t<div class=\"elementor-widget-wrap elementor-element-populated\">\n\t\t\t\t\t\t<div class=\"elementor-element elementor-element-59fb845 elementor-widget elementor-widget-button\" data-id=\"59fb845\" data-element_type=\"widget\" data-e-type=\"widget\" data-widget_type=\"button.default\">\n\t\t\t\t<div class=\"elementor-widget-container\">\n\t\t\t\t\t\t\t\t\t<div class=\"elementor-button-wrapper\">\n\t\t\t\t\t<a class=\"elementor-button elementor-button-link elementor-size-sm\" href=\"https:\/\/www.capitalradio.es\/noticias\/empresas\/iberdrola-cop28-las-redes-son-una-barrera-descarbonizacion_120634462.html\" target=\"_blank\" rel=\"noopener\">\n\t\t\t\t\t\t<span class=\"elementor-button-content-wrapper\">\n\t\t\t\t\t\t\t\t\t<span class=\"elementor-button-text\">Ver noticia<\/span>\n\t\t\t\t\t<\/span>\n\t\t\t\t\t<\/a>\n\t\t\t\t<\/div>\n\t\t\t\t\t\t\t\t<\/div>\n\t\t\t\t<\/div>\n\t\t\t\t\t<\/div>\n\t\t<\/div>\n\t\t\t\t\t<\/div>\n\t\t<\/section>\n\t\t\t\t<\/div>\n\t\t","protected":false},"excerpt":{"rendered":"<p>El director de Transici\u00f3n Ecol\u00f3gica de beBartlet, Alejandro Labanda, ha estado este jueves en &#8216;El programa de la energ\u00eda&#8216;, de Capital Radio, analizando el detalle del manifiesto impulsado por beBartlet, firmado por expertos y pol\u00edticos de izquierdas y derechas y publicado El Peri\u00f3dico. En un contexto de celebraci\u00f3n de la COP28,\u00a0 Labanda ha indicado que [&hellip;]<\/p>\n","protected":false},"author":8,"featured_media":16631,"comment_status":"closed","ping_status":"open","sticky":false,"template":"","format":"standard","meta":{"footnotes":""},"categories":[1117,1136],"tags":[1342,1246,1320],"class_list":["post-16630","post","type-post","status-publish","format-standard","has-post-thumbnail","hentry","category-imprensa-pt","category-capital-radio-pt","tag-alejandro-labanda","tag-energia","tag-transicion-ecologica"],"_links":{"self":[{"href":"https:\/\/bebartlet.com\/pt-pt\/wp-json\/wp\/v2\/posts\/16630","targetHints":{"allow":["GET"]}}],"collection":[{"href":"https:\/\/bebartlet.com\/pt-pt\/wp-json\/wp\/v2\/posts"}],"about":[{"href":"https:\/\/bebartlet.com\/pt-pt\/wp-json\/wp\/v2\/types\/post"}],"author":[{"embeddable":true,"href":"https:\/\/bebartlet.com\/pt-pt\/wp-json\/wp\/v2\/users\/8"}],"replies":[{"embeddable":true,"href":"https:\/\/bebartlet.com\/pt-pt\/wp-json\/wp\/v2\/comments?post=16630"}],"version-history":[{"count":0,"href":"https:\/\/bebartlet.com\/pt-pt\/wp-json\/wp\/v2\/posts\/16630\/revisions"}],"wp:featuredmedia":[{"embeddable":true,"href":"https:\/\/bebartlet.com\/pt-pt\/wp-json\/wp\/v2\/media\/16631"}],"wp:attachment":[{"href":"https:\/\/bebartlet.com\/pt-pt\/wp-json\/wp\/v2\/media?parent=16630"}],"wp:term":[{"taxonomy":"category","embeddable":true,"href":"https:\/\/bebartlet.com\/pt-pt\/wp-json\/wp\/v2\/categories?post=16630"},{"taxonomy":"post_tag","embeddable":true,"href":"https:\/\/bebartlet.com\/pt-pt\/wp-json\/wp\/v2\/tags?post=16630"}],"curies":[{"name":"wp","href":"https:\/\/api.w.org\/{rel}","templated":true}]}}