{"id":16634,"date":"2023-11-21T15:40:17","date_gmt":"2023-11-21T14:40:17","guid":{"rendered":"https:\/\/bebartlet.com\/diego-gago-lasexta-regulacion-altos-cargos\/"},"modified":"2023-11-21T15:40:17","modified_gmt":"2023-11-21T14:40:17","slug":"diego-gago-lasexta-regulacion-altos-cargos","status":"publish","type":"post","link":"https:\/\/bebartlet.com\/pt-pt\/diego-gago-lasexta-regulacion-altos-cargos\/","title":{"rendered":"Diego Gago analiza en laSexta la regulaci\u00f3n sobre la incorporaci\u00f3n de altos cargos al sector privado"},"content":{"rendered":"\t\t<div data-elementor-type=\"wp-post\" data-elementor-id=\"16634\" class=\"elementor elementor-16634 elementor-8684\" data-elementor-post-type=\"post\">\n\t\t\t\t\t\t<section class=\"elementor-section elementor-top-section elementor-element elementor-element-58624979 elementor-section-boxed elementor-section-height-default elementor-section-height-default\" data-id=\"58624979\" data-element_type=\"section\" data-e-type=\"section\">\n\t\t\t\t\t\t<div class=\"elementor-container elementor-column-gap-default\">\n\t\t\t\t\t<div class=\"aux-parallax-section elementor-column elementor-col-100 elementor-top-column elementor-element elementor-element-55983bf8\" data-id=\"55983bf8\" data-element_type=\"column\" data-e-type=\"column\">\n\t\t\t<div class=\"elementor-widget-wrap elementor-element-populated\">\n\t\t\t\t\t\t<div class=\"elementor-element elementor-element-6f4bc5c9 elementor-widget elementor-widget-text-editor\" data-id=\"6f4bc5c9\" data-element_type=\"widget\" data-e-type=\"widget\" data-widget_type=\"text-editor.default\">\n\t\t\t\t<div class=\"elementor-widget-container\">\n\t\t\t\t\t\t\t\t\t<p><strong>Diego Gago,<\/strong> director de Estrategia Pol\u00edtica de beBartlet, ha analizado <strong>en laSexta Noticias<\/strong> qu\u00e9 implicaciones tiene dejar de ser un alto cargo de la Administraci\u00f3n e incorporarse al sector privado.<strong> &#8220;Si se incorpora al sector privado o a otra responsabilidad del sector p\u00fablico, pierde la indemnizaci\u00f3n&#8221;<\/strong>, apunta Gago.<\/p><p><strong>&#8220;Tiene que haber un periodo de transici\u00f3n<\/strong> entre la actividad legislativa o ejecutiva y su incorporaci\u00f3n al sector privado&#8221;, explica el director de beBartlet.<\/p><p>En este sentido, <strong>una buena regulaci\u00f3n garantiza que las instituciones incorporen a expertos sectoriales<\/strong>, el <strong>sector privado cuente con profesionales con visi\u00f3n p\u00fablica<\/strong> y <strong>se\u00a0eviten los conflictos de intereses<\/strong> entre el sector p\u00fablico y privado.<\/p><p>\u00a0<\/p><blockquote class=\"twitter-tweet\" data-media-max-width=\"560\"><p dir=\"ltr\" lang=\"es\">Una buena regulaci\u00f3n garantiza que:<br \/><br \/>\ud83d\udd1dLas instituciones incorporen a expertos sectoriales.<br \/>\ud83d\ude4cEl sector privado cuente con profesionales con visi\u00f3n p\u00fablica.<br \/>\ud83d\uded1Se eviten los conflictos de intereses entre el sector p\u00fablico y privado.<br \/><br \/>Nuestro director <a href=\"https:\/\/twitter.com\/DiegoGagoB?ref_src=twsrc%5Etfw\" target=\"_blank\" rel=\"noopener\">@DiegoGagoB<\/a> en <a href=\"https:\/\/twitter.com\/sextaNoticias?ref_src=twsrc%5Etfw\" target=\"_blank\" rel=\"noopener\">@sextaNoticias<\/a>. <a href=\"https:\/\/t.co\/WZBj7CHZvv\">pic.twitter.com\/WZBj7CHZvv<\/a><\/p><p>\u2014 beBartlet (@be_bartlet) <a href=\"https:\/\/twitter.com\/be_bartlet\/status\/1727050249846559184?ref_src=twsrc%5Etfw\" target=\"_blank\" rel=\"noopener\">November 21, 2023<\/a><\/p><\/blockquote><p><script async src=\"https:\/\/platform.twitter.com\/widgets.js\" charset=\"utf-8\"><\/script><\/p>\t\t\t\t\t\t\t\t<\/div>\n\t\t\t\t<\/div>\n\t\t\t\t\t<\/div>\n\t\t<\/div>\n\t\t\t\t\t<\/div>\n\t\t<\/section>\n\t\t\t\t<\/div>\n\t\t","protected":false},"excerpt":{"rendered":"<p>Diego Gago, director de Estrategia Pol\u00edtica de beBartlet, ha analizado en laSexta Noticias qu\u00e9 implicaciones tiene dejar de ser un alto cargo de la Administraci\u00f3n e incorporarse al sector privado. &#8220;Si se incorpora al sector privado o a otra responsabilidad del sector p\u00fablico, pierde la indemnizaci\u00f3n&#8221;, apunta Gago. &#8220;Tiene que haber un periodo de transici\u00f3n [&hellip;]<\/p>\n","protected":false},"author":8,"featured_media":16636,"comment_status":"closed","ping_status":"open","sticky":false,"template":"","format":"standard","meta":{"footnotes":""},"categories":[1117,1153],"tags":[1274,1378,1405,1382],"class_list":["post-16634","post","type-post","status-publish","format-standard","has-post-thumbnail","hentry","category-imprensa-pt","category-la-sexta-pt","tag-economia","tag-espana","tag-legislatura","tag-politica"],"_links":{"self":[{"href":"https:\/\/bebartlet.com\/pt-pt\/wp-json\/wp\/v2\/posts\/16634","targetHints":{"allow":["GET"]}}],"collection":[{"href":"https:\/\/bebartlet.com\/pt-pt\/wp-json\/wp\/v2\/posts"}],"about":[{"href":"https:\/\/bebartlet.com\/pt-pt\/wp-json\/wp\/v2\/types\/post"}],"author":[{"embeddable":true,"href":"https:\/\/bebartlet.com\/pt-pt\/wp-json\/wp\/v2\/users\/8"}],"replies":[{"embeddable":true,"href":"https:\/\/bebartlet.com\/pt-pt\/wp-json\/wp\/v2\/comments?post=16634"}],"version-history":[{"count":0,"href":"https:\/\/bebartlet.com\/pt-pt\/wp-json\/wp\/v2\/posts\/16634\/revisions"}],"wp:featuredmedia":[{"embeddable":true,"href":"https:\/\/bebartlet.com\/pt-pt\/wp-json\/wp\/v2\/media\/16636"}],"wp:attachment":[{"href":"https:\/\/bebartlet.com\/pt-pt\/wp-json\/wp\/v2\/media?parent=16634"}],"wp:term":[{"taxonomy":"category","embeddable":true,"href":"https:\/\/bebartlet.com\/pt-pt\/wp-json\/wp\/v2\/categories?post=16634"},{"taxonomy":"post_tag","embeddable":true,"href":"https:\/\/bebartlet.com\/pt-pt\/wp-json\/wp\/v2\/tags?post=16634"}],"curies":[{"name":"wp","href":"https:\/\/api.w.org\/{rel}","templated":true}]}}