{"id":16642,"date":"2023-11-15T17:47:10","date_gmt":"2023-11-15T16:47:10","guid":{"rendered":"https:\/\/bebartlet.com\/adrian-jofre-en-cnn-en-espanol-necesitamos-politicas-publicas-estables-en-un-contexto-de-incertidumbre-global\/"},"modified":"2023-11-15T17:47:10","modified_gmt":"2023-11-15T16:47:10","slug":"adrian-jofre-en-cnn-en-espanol-necesitamos-politicas-publicas-estables-en-un-contexto-de-incertidumbre-global","status":"publish","type":"post","link":"https:\/\/bebartlet.com\/pt-pt\/adrian-jofre-en-cnn-en-espanol-necesitamos-politicas-publicas-estables-en-un-contexto-de-incertidumbre-global\/","title":{"rendered":"Adrian Jofre, en CNN en Espa\u00f1ol: &#8220;Necesitamos pol\u00edticas p\u00fablicas estables en un contexto de incertidumbre global&#8221;"},"content":{"rendered":"<p>El socio y presidente de beBartlet, <strong>Adrian Jofre Bosch<\/strong>, ha estado<strong> en CNN en Espa\u00f1ol,<\/strong> analizando la situaci\u00f3n pol\u00edtica y econ\u00f3mica de Espa\u00f1a ante la investidura de Pedro S\u00e1nchez como presidente del Gobierno.<\/p>\n<p>Ante las preguntas del periodista Fernando Rinc\u00f3n,<strong> Jofre Bosch ha apuntado que &#8220;necesitamos pol\u00edticas p\u00fablicas estables en un contexto de incertidumbre global&#8221;.<\/strong><\/p>\n","protected":false},"excerpt":{"rendered":"<p>El socio y presidente de beBartlet, Adrian Jofre Bosch, ha estado en CNN en Espa\u00f1ol, analizando la situaci\u00f3n pol\u00edtica y econ\u00f3mica de Espa\u00f1a ante la investidura de Pedro S\u00e1nchez como presidente del Gobierno. Ante las preguntas del periodista Fernando Rinc\u00f3n, Jofre Bosch ha apuntado que &#8220;necesitamos pol\u00edticas p\u00fablicas estables en un contexto de incertidumbre global&#8221;.<\/p>\n","protected":false},"author":8,"featured_media":16635,"comment_status":"closed","ping_status":"open","sticky":false,"template":"","format":"standard","meta":{"footnotes":""},"categories":[1117,1135],"tags":[1413,1378,1405,1382],"class_list":["post-16642","post","type-post","status-publish","format-standard","has-post-thumbnail","hentry","category-imprensa-pt","category-cnn-en-espanol-pt","tag-cnn","tag-espana","tag-legislatura","tag-politica"],"_links":{"self":[{"href":"https:\/\/bebartlet.com\/pt-pt\/wp-json\/wp\/v2\/posts\/16642","targetHints":{"allow":["GET"]}}],"collection":[{"href":"https:\/\/bebartlet.com\/pt-pt\/wp-json\/wp\/v2\/posts"}],"about":[{"href":"https:\/\/bebartlet.com\/pt-pt\/wp-json\/wp\/v2\/types\/post"}],"author":[{"embeddable":true,"href":"https:\/\/bebartlet.com\/pt-pt\/wp-json\/wp\/v2\/users\/8"}],"replies":[{"embeddable":true,"href":"https:\/\/bebartlet.com\/pt-pt\/wp-json\/wp\/v2\/comments?post=16642"}],"version-history":[{"count":0,"href":"https:\/\/bebartlet.com\/pt-pt\/wp-json\/wp\/v2\/posts\/16642\/revisions"}],"wp:featuredmedia":[{"embeddable":true,"href":"https:\/\/bebartlet.com\/pt-pt\/wp-json\/wp\/v2\/media\/16635"}],"wp:attachment":[{"href":"https:\/\/bebartlet.com\/pt-pt\/wp-json\/wp\/v2\/media?parent=16642"}],"wp:term":[{"taxonomy":"category","embeddable":true,"href":"https:\/\/bebartlet.com\/pt-pt\/wp-json\/wp\/v2\/categories?post=16642"},{"taxonomy":"post_tag","embeddable":true,"href":"https:\/\/bebartlet.com\/pt-pt\/wp-json\/wp\/v2\/tags?post=16642"}],"curies":[{"name":"wp","href":"https:\/\/api.w.org\/{rel}","templated":true}]}}