{"id":16643,"date":"2023-11-03T13:31:42","date_gmt":"2023-11-03T12:31:42","guid":{"rendered":"https:\/\/bebartlet.com\/maria-marquez-bebartlet-va-un-paso-por-delante\/"},"modified":"2023-11-03T13:31:42","modified_gmt":"2023-11-03T12:31:42","slug":"maria-marquez-bebartlet-va-un-paso-por-delante","status":"publish","type":"post","link":"https:\/\/bebartlet.com\/pt-pt\/maria-marquez-bebartlet-va-un-paso-por-delante\/","title":{"rendered":"Mar\u00eda M\u00e1rquez: &#8220;Con las Misiones, beBartlet va un paso por delante de la sociedad &#8220;"},"content":{"rendered":"\t\t<div data-elementor-type=\"wp-post\" data-elementor-id=\"16643\" class=\"elementor elementor-16643 elementor-8450\" data-elementor-post-type=\"post\">\n\t\t\t\t\t\t<section class=\"elementor-section elementor-top-section elementor-element elementor-element-4e8d8683 elementor-section-boxed elementor-section-height-default elementor-section-height-default\" data-id=\"4e8d8683\" data-element_type=\"section\" data-e-type=\"section\">\n\t\t\t\t\t\t<div class=\"elementor-container elementor-column-gap-default\">\n\t\t\t\t\t<div class=\"aux-parallax-section elementor-column elementor-col-100 elementor-top-column elementor-element elementor-element-1ddd8e3\" data-id=\"1ddd8e3\" data-element_type=\"column\" data-e-type=\"column\">\n\t\t\t<div class=\"elementor-widget-wrap elementor-element-populated\">\n\t\t\t\t\t\t<div class=\"elementor-element elementor-element-1f2ce4d3 elementor-widget elementor-widget-text-editor\" data-id=\"1f2ce4d3\" data-element_type=\"widget\" data-e-type=\"widget\" data-widget_type=\"text-editor.default\">\n\t\t\t\t<div class=\"elementor-widget-container\">\n\t\t\t\t\t\t\t\t\t<p class=\"p1\">La transici\u00f3n hacia un nuevo modelo econ\u00f3mico medioambiental y socialmente sostenible es posible.<\/p>\r\n<p class=\"p1\">En la tercera sesi\u00f3n de la <a href=\"https:\/\/www.youtube.com\/hashtag\/mision_bb\" target=\"_blank\" rel=\"noopener\">#Mision_bB<\/a> Contrato Social, con el apoyo de ING Espa\u00f1a &amp; Portugal, contribuimos al desarrollo de pol\u00edticas p\u00fablicas que transformen nuestra econom\u00eda.<\/p>\r\n<p class=\"p1\"><strong>Mar\u00eda M\u00e1rquez (Portavoz adjunta del PSOE en el Parlamento de Andaluc\u00eda)<\/strong>: \u201cbeBartlet va un paso por delante de la sociedad generando estos espacios tan enriquecedores, de gente que pensamos distinto, que vemos las cosas desde diferente perspectiva, pero que nos enriquecemos mutuamente escuchando, compartiendo y avanzando\u201d.<\/p>\r\n<p class=\"p1\"><strong>Paloma Mart\u00edn Mart\u00edn, senadora y Consejera de Medio Ambiente, Vivienda y Agricultura de la Comunidad de Madrid (2019-2023)<\/strong>: \u201cLas administraciones y las empresas tienen muy claro que la sostenibilidad no es una cuesti\u00f3n reputacional, sino que es una cuesti\u00f3n que afecta a su cuenta de resultados. Hace tiempo que han incorporado la financiaci\u00f3n vede en su pol\u00edtica real y en sus proyectos.<\/p>\r\n<p class=\"p1\"><strong>Alberto Oliver (Diputado de M\u00e1s Madrid en la Asamblea de Madrid)<\/strong>: \u201cTenemos que transitar de un modelo de administraci\u00f3n asistencial desde un punto de vista econ\u00f3mico a un modelo de Estado emprendedor, donde la administraci\u00f3n pone misiones encima de la mesa donde el tejido productivo avanza en la misma direcci\u00f3n que la ciudadan\u00eda\u201d.<\/p>\r\n<p class=\"p1\"><strong>Pol Gibert Horcas (Portavoz de Empresa y Trabajo del PSC en el Parlament de Catalunya)<\/strong>: \u201cEl sector p\u00fablico es clave para que pueda incentivar la inversi\u00f3n privada en el \u00e1mbito del sector p\u00fablico y el \u00e1mbito verde. Son dos elementos que van de la mano y por tanto creemos que el marco normativo es muy importante y tambi\u00e9n es muy importante tener objetivos claros que Europa nos ha marcado\u201d.<\/p>\r\n<p class=\"p1\"><strong>Ana Collado Jim\u00e9nez (Eurodiputada del EPP)<\/strong>: \u201cLa confianza se consigue en estos espacios donde debatimos a puerta cerrada, generando esa interlocuci\u00f3n y saliendo de nuestra burbuja diaria\u201d.<\/p>\r\n<p class=\"p1\"><strong>Ram\u00f3n Mateo Escobar (Director de An\u00e1lisis e Impacto Regulatorio de beBartlet)<\/strong>: \u201cEn esta sesi\u00f3n hemos abordado las finanzas sostenibles, entendidas como aquellas que nos permiten disponer de los recursos necesarios para impulsar proyectos con impacto social positivo capaces de transformar el futuro\u201d.<\/p>\r\n<p class=\"p1\">Misi\u00f3n beBartlet es el espacio para la transformaci\u00f3n social y la innovaci\u00f3n en las pol\u00edticas p\u00fablicas de beBartlet.<\/p>\t\t\t\t\t\t\t\t<\/div>\n\t\t\t\t<\/div>\n\t\t\t\t\t<\/div>\n\t\t<\/div>\n\t\t\t\t\t<\/div>\n\t\t<\/section>\n\t\t\t\t<section class=\"elementor-section elementor-top-section elementor-element elementor-element-370ab59 elementor-section-boxed elementor-section-height-default elementor-section-height-default\" data-id=\"370ab59\" data-element_type=\"section\" data-e-type=\"section\">\n\t\t\t\t\t\t<div class=\"elementor-container elementor-column-gap-default\">\n\t\t\t\t\t<div class=\"aux-parallax-section elementor-column elementor-col-100 elementor-top-column elementor-element elementor-element-3d7915f\" data-id=\"3d7915f\" data-element_type=\"column\" data-e-type=\"column\">\n\t\t\t<div class=\"elementor-widget-wrap elementor-element-populated\">\n\t\t\t\t\t\t<div class=\"elementor-element elementor-element-681d026 elementor-widget elementor-widget-video\" data-id=\"681d026\" data-element_type=\"widget\" data-e-type=\"widget\" data-settings=\"{&quot;youtube_url&quot;:&quot;https:\\\/\\\/www.youtube.com\\\/watch?v=h0l2Ao2NzUI&amp;t=27s&quot;,&quot;video_type&quot;:&quot;youtube&quot;,&quot;controls&quot;:&quot;yes&quot;}\" data-widget_type=\"video.default\">\n\t\t\t\t<div class=\"elementor-widget-container\">\n\t\t\t\t\t\t\t<div class=\"elementor-wrapper elementor-open-inline\">\n\t\t\t<div class=\"elementor-video\"><\/div>\t\t<\/div>\n\t\t\t\t\t\t<\/div>\n\t\t\t\t<\/div>\n\t\t\t\t\t<\/div>\n\t\t<\/div>\n\t\t\t\t\t<\/div>\n\t\t<\/section>\n\t\t\t\t<\/div>\n\t\t","protected":false},"excerpt":{"rendered":"<p>La transici\u00f3n hacia un nuevo modelo econ\u00f3mico medioambiental y socialmente sostenible es posible. En la tercera sesi\u00f3n de la #Mision_bB Contrato Social, con el apoyo de ING Espa\u00f1a &amp; Portugal, contribuimos al desarrollo de pol\u00edticas p\u00fablicas que transformen nuestra econom\u00eda. Mar\u00eda M\u00e1rquez (Portavoz adjunta del PSOE en el Parlamento de Andaluc\u00eda): \u201cbeBartlet va un paso [&hellip;]<\/p>\n","protected":false},"author":8,"featured_media":16645,"comment_status":"closed","ping_status":"open","sticky":false,"template":"","format":"standard","meta":{"footnotes":""},"categories":[1131,1115],"tags":[1375,1274,1174,1414,1320],"class_list":["post-16643","post","type-post","status-publish","format-standard","has-post-thumbnail","hentry","category-missaobebartlet","category-bebartlet-pt","tag-contrato-social","tag-economia","tag-ing","tag-politicas","tag-transicion-ecologica"],"_links":{"self":[{"href":"https:\/\/bebartlet.com\/pt-pt\/wp-json\/wp\/v2\/posts\/16643","targetHints":{"allow":["GET"]}}],"collection":[{"href":"https:\/\/bebartlet.com\/pt-pt\/wp-json\/wp\/v2\/posts"}],"about":[{"href":"https:\/\/bebartlet.com\/pt-pt\/wp-json\/wp\/v2\/types\/post"}],"author":[{"embeddable":true,"href":"https:\/\/bebartlet.com\/pt-pt\/wp-json\/wp\/v2\/users\/8"}],"replies":[{"embeddable":true,"href":"https:\/\/bebartlet.com\/pt-pt\/wp-json\/wp\/v2\/comments?post=16643"}],"version-history":[{"count":0,"href":"https:\/\/bebartlet.com\/pt-pt\/wp-json\/wp\/v2\/posts\/16643\/revisions"}],"wp:featuredmedia":[{"embeddable":true,"href":"https:\/\/bebartlet.com\/pt-pt\/wp-json\/wp\/v2\/media\/16645"}],"wp:attachment":[{"href":"https:\/\/bebartlet.com\/pt-pt\/wp-json\/wp\/v2\/media?parent=16643"}],"wp:term":[{"taxonomy":"category","embeddable":true,"href":"https:\/\/bebartlet.com\/pt-pt\/wp-json\/wp\/v2\/categories?post=16643"},{"taxonomy":"post_tag","embeddable":true,"href":"https:\/\/bebartlet.com\/pt-pt\/wp-json\/wp\/v2\/tags?post=16643"}],"curies":[{"name":"wp","href":"https:\/\/api.w.org\/{rel}","templated":true}]}}