{"id":16646,"date":"2023-10-18T12:02:04","date_gmt":"2023-10-18T10:02:04","guid":{"rendered":"https:\/\/bebartlet.com\/alejandro-labanda-en-20-minutos-las-comunidades-locales-piden-dos-cosas-empleo-y-reduccion-de-la-factura-de-la-luz\/"},"modified":"2023-10-18T12:02:04","modified_gmt":"2023-10-18T10:02:04","slug":"alejandro-labanda-en-20-minutos-las-comunidades-locales-piden-dos-cosas-empleo-y-reduccion-de-la-factura-de-la-luz","status":"publish","type":"post","link":"https:\/\/bebartlet.com\/pt-pt\/alejandro-labanda-en-20-minutos-las-comunidades-locales-piden-dos-cosas-empleo-y-reduccion-de-la-factura-de-la-luz\/","title":{"rendered":"Alejandro Labanda, en 20Minutos: &#8220;Las comunidades locales piden dos cosas: empleo y reducci\u00f3n de la factura de la luz&#8221;"},"content":{"rendered":"\t\t<div data-elementor-type=\"wp-post\" data-elementor-id=\"16646\" class=\"elementor elementor-16646 elementor-8949\" data-elementor-post-type=\"post\">\n\t\t\t\t\t\t<section class=\"elementor-section elementor-top-section elementor-element elementor-element-5888a8a4 elementor-section-boxed elementor-section-height-default elementor-section-height-default\" data-id=\"5888a8a4\" data-element_type=\"section\" data-e-type=\"section\">\n\t\t\t\t\t\t<div class=\"elementor-container elementor-column-gap-default\">\n\t\t\t\t\t<div class=\"aux-parallax-section elementor-column elementor-col-100 elementor-top-column elementor-element elementor-element-794e970a\" data-id=\"794e970a\" data-element_type=\"column\" data-e-type=\"column\">\n\t\t\t<div class=\"elementor-widget-wrap elementor-element-populated\">\n\t\t\t\t\t\t<div class=\"elementor-element elementor-element-380b15ad elementor-widget elementor-widget-text-editor\" data-id=\"380b15ad\" data-element_type=\"widget\" data-e-type=\"widget\" data-widget_type=\"text-editor.default\">\n\t\t\t\t<div class=\"elementor-widget-container\">\n\t\t\t\t\t\t\t\t\t<p><strong>Alejandro Labanda<\/strong>, director de Transici\u00f3n Ecol\u00f3gica <strong>de beBartlet<\/strong>, <strong>ha sido entrevistado en 20Minutos<\/strong> sobre el permiso express a renovables y su afectaci\u00f3n al desarrollo de comunidades locales.<\/p>\n<p>En este sentido, <strong>Labanda ha compartido la experiencia de beBartlet para dotar de licencia social a los proyectos de renovables<\/strong>. &#8220;Las comunidades locales piden dos cosas: empleo y reducci\u00f3n de la factura de la luz&#8221;, explica el director de <b>beBartlet.<\/b><\/p>\t\t\t\t\t\t\t\t<\/div>\n\t\t\t\t<\/div>\n\t\t\t\t\t<\/div>\n\t\t<\/div>\n\t\t\t\t\t<\/div>\n\t\t<\/section>\n\t\t\t\t<section class=\"elementor-section elementor-top-section elementor-element elementor-element-35528ae elementor-section-boxed elementor-section-height-default elementor-section-height-default\" data-id=\"35528ae\" data-element_type=\"section\" data-e-type=\"section\">\n\t\t\t\t\t\t<div class=\"elementor-container elementor-column-gap-default\">\n\t\t\t\t\t<div class=\"aux-parallax-section elementor-column elementor-col-100 elementor-top-column elementor-element elementor-element-fab8aa8\" data-id=\"fab8aa8\" data-element_type=\"column\" data-e-type=\"column\">\n\t\t\t<div class=\"elementor-widget-wrap elementor-element-populated\">\n\t\t\t\t\t\t<div class=\"elementor-element elementor-element-8e9579c elementor-widget elementor-widget-button\" data-id=\"8e9579c\" data-element_type=\"widget\" data-e-type=\"widget\" data-widget_type=\"button.default\">\n\t\t\t\t<div class=\"elementor-widget-container\">\n\t\t\t\t\t\t\t\t\t<div class=\"elementor-button-wrapper\">\n\t\t\t\t\t<a class=\"elementor-button elementor-button-link elementor-size-sm\" href=\"https:\/\/www.20minutos.es\/noticia\/5181169\/0\/formacion-ibi-no-luz-gratis-empleo-vecinos-permiso-expres-renovables\/\" target=\"_blank\" rel=\"noopener\">\n\t\t\t\t\t\t<span class=\"elementor-button-content-wrapper\">\n\t\t\t\t\t\t\t\t\t<span class=\"elementor-button-text\">Ver noticia<\/span>\n\t\t\t\t\t<\/span>\n\t\t\t\t\t<\/a>\n\t\t\t\t<\/div>\n\t\t\t\t\t\t\t\t<\/div>\n\t\t\t\t<\/div>\n\t\t\t\t\t<\/div>\n\t\t<\/div>\n\t\t\t\t\t<\/div>\n\t\t<\/section>\n\t\t\t\t<\/div>\n\t\t","protected":false},"excerpt":{"rendered":"<p>Alejandro Labanda, director de Transici\u00f3n Ecol\u00f3gica de beBartlet, ha sido entrevistado en 20Minutos sobre el permiso express a renovables y su afectaci\u00f3n al desarrollo de comunidades locales. En este sentido, Labanda ha compartido la experiencia de beBartlet para dotar de licencia social a los proyectos de renovables. &#8220;Las comunidades locales piden dos cosas: empleo y [&hellip;]<\/p>\n","protected":false},"author":8,"featured_media":16647,"comment_status":"closed","ping_status":"open","sticky":false,"template":"","format":"standard","meta":{"footnotes":""},"categories":[1117,1132],"tags":[1342,1157,1320],"class_list":["post-16646","post","type-post","status-publish","format-standard","has-post-thumbnail","hentry","category-imprensa-pt","category-20minutos-es-pt","tag-alejandro-labanda","tag-bebartlet","tag-transicion-ecologica"],"_links":{"self":[{"href":"https:\/\/bebartlet.com\/pt-pt\/wp-json\/wp\/v2\/posts\/16646","targetHints":{"allow":["GET"]}}],"collection":[{"href":"https:\/\/bebartlet.com\/pt-pt\/wp-json\/wp\/v2\/posts"}],"about":[{"href":"https:\/\/bebartlet.com\/pt-pt\/wp-json\/wp\/v2\/types\/post"}],"author":[{"embeddable":true,"href":"https:\/\/bebartlet.com\/pt-pt\/wp-json\/wp\/v2\/users\/8"}],"replies":[{"embeddable":true,"href":"https:\/\/bebartlet.com\/pt-pt\/wp-json\/wp\/v2\/comments?post=16646"}],"version-history":[{"count":0,"href":"https:\/\/bebartlet.com\/pt-pt\/wp-json\/wp\/v2\/posts\/16646\/revisions"}],"wp:featuredmedia":[{"embeddable":true,"href":"https:\/\/bebartlet.com\/pt-pt\/wp-json\/wp\/v2\/media\/16647"}],"wp:attachment":[{"href":"https:\/\/bebartlet.com\/pt-pt\/wp-json\/wp\/v2\/media?parent=16646"}],"wp:term":[{"taxonomy":"category","embeddable":true,"href":"https:\/\/bebartlet.com\/pt-pt\/wp-json\/wp\/v2\/categories?post=16646"},{"taxonomy":"post_tag","embeddable":true,"href":"https:\/\/bebartlet.com\/pt-pt\/wp-json\/wp\/v2\/tags?post=16646"}],"curies":[{"name":"wp","href":"https:\/\/api.w.org\/{rel}","templated":true}]}}