{"id":16650,"date":"2023-10-13T09:18:42","date_gmt":"2023-10-13T07:18:42","guid":{"rendered":"https:\/\/bebartlet.com\/ramon-mateo-bebartlet-analiza-en-cuatro-al-dia-el-debate-de-investidura-de-alberto-nunez-feijoo\/"},"modified":"2023-10-13T09:18:42","modified_gmt":"2023-10-13T07:18:42","slug":"ramon-mateo-bebartlet-analiza-en-cuatro-al-dia-el-debate-de-investidura-de-alberto-nunez-feijoo","status":"publish","type":"post","link":"https:\/\/bebartlet.com\/pt-pt\/ramon-mateo-bebartlet-analiza-en-cuatro-al-dia-el-debate-de-investidura-de-alberto-nunez-feijoo\/","title":{"rendered":"Ram\u00f3n Mateo (beBartlet) analiza en Cuatro al d\u00eda el debate de investidura de Alberto N\u00fa\u00f1ez Feij\u00f3o"},"content":{"rendered":"\t\t<div data-elementor-type=\"wp-post\" data-elementor-id=\"16650\" class=\"elementor elementor-16650 elementor-8283\" data-elementor-post-type=\"post\">\n\t\t\t\t\t\t<section class=\"elementor-section elementor-top-section elementor-element elementor-element-e0550a2 elementor-section-boxed elementor-section-height-default elementor-section-height-default\" data-id=\"e0550a2\" data-element_type=\"section\" data-e-type=\"section\">\n\t\t\t\t\t\t<div class=\"elementor-container elementor-column-gap-default\">\n\t\t\t\t\t<div class=\"aux-parallax-section elementor-column elementor-col-100 elementor-top-column elementor-element elementor-element-60ea987\" data-id=\"60ea987\" data-element_type=\"column\" data-e-type=\"column\">\n\t\t\t<div class=\"elementor-widget-wrap elementor-element-populated\">\n\t\t\t\t\t\t<div class=\"elementor-element elementor-element-6aa463ad elementor-widget elementor-widget-text-editor\" data-id=\"6aa463ad\" data-element_type=\"widget\" data-e-type=\"widget\" data-widget_type=\"text-editor.default\">\n\t\t\t\t<div class=\"elementor-widget-container\">\n\t\t\t\t\t\t\t\t\t<p><strong>Ram\u00f3n Mateo<\/strong>, director de <strong>An\u00e1lisis e Impacto regulatorio de beBartlet<\/strong>, <strong>analiza<\/strong> en <strong>Cuatro al d\u00eda<\/strong> el debate de<strong> investidura<\/strong> del presidente del<strong> Partido Popular, Alberto N\u00fa\u00f1ez Feij\u00f3o.<\/strong><\/p><p>\u00a0<\/p>\t\t\t\t\t\t\t\t<\/div>\n\t\t\t\t<\/div>\n\t\t\t\t\t<\/div>\n\t\t<\/div>\n\t\t\t\t\t<\/div>\n\t\t<\/section>\n\t\t\t\t<section class=\"elementor-section elementor-top-section elementor-element elementor-element-0d8d9a6 elementor-section-boxed elementor-section-height-default elementor-section-height-default\" data-id=\"0d8d9a6\" data-element_type=\"section\" data-e-type=\"section\">\n\t\t\t\t\t\t<div class=\"elementor-container elementor-column-gap-default\">\n\t\t\t\t\t<div class=\"aux-parallax-section elementor-column elementor-col-100 elementor-top-column elementor-element elementor-element-537d021\" data-id=\"537d021\" data-element_type=\"column\" data-e-type=\"column\">\n\t\t\t<div class=\"elementor-widget-wrap elementor-element-populated\">\n\t\t\t\t\t\t<div class=\"elementor-element elementor-element-144c9da elementor-widget elementor-widget-html\" data-id=\"144c9da\" data-element_type=\"widget\" data-e-type=\"widget\" data-widget_type=\"html.default\">\n\t\t\t\t<div class=\"elementor-widget-container\">\n\t\t\t\t\t<blockquote class=\"twitter-tweet\"><p lang=\"es\" dir=\"ltr\">\u00bfCu\u00e1les han sido las claves del debate de investidura de Alberto N\u00fa\u00f1ez Feij\u00f3o? <br><br>\ud83d\udcfa <a href=\"https:\/\/twitter.com\/ramonmateoes?ref_src=twsrc%5Etfw\" target=\"_blank\" rel=\"noopener\">@ramonmateoes<\/a>, director de An\u00e1lisis e Impacto regulatorio de beBartlet, lo ha analizado en <a href=\"https:\/\/twitter.com\/cuatroaldia?ref_src=twsrc%5Etfw\" target=\"_blank\" rel=\"noopener\">@cuatroaldia<\/a>. <a href=\"https:\/\/t.co\/w4yPEJ95N4\">pic.twitter.com\/w4yPEJ95N4<\/a><\/p>&mdash; beBartlet (@be_bartlet) <a href=\"https:\/\/twitter.com\/be_bartlet\/status\/1707080354048131370?ref_src=twsrc%5Etfw\" target=\"_blank\" rel=\"noopener\">September 27, 2023<\/a><\/blockquote> <script async src=\"https:\/\/platform.twitter.com\/widgets.js\" charset=\"utf-8\"><\/script>\t\t\t\t<\/div>\n\t\t\t\t<\/div>\n\t\t\t\t\t<\/div>\n\t\t<\/div>\n\t\t\t\t\t<\/div>\n\t\t<\/section>\n\t\t\t\t<\/div>\n\t\t","protected":false},"excerpt":{"rendered":"<p>Ram\u00f3n Mateo, director de An\u00e1lisis e Impacto regulatorio de beBartlet, analiza en Cuatro al d\u00eda el debate de investidura del presidente del Partido Popular, Alberto N\u00fa\u00f1ez Feij\u00f3o. \u00bfCu\u00e1les han sido las claves del debate de investidura de Alberto N\u00fa\u00f1ez Feij\u00f3o? \ud83d\udcfa @ramonmateoes, director de An\u00e1lisis e Impacto regulatorio de beBartlet, lo ha analizado en @cuatroaldia. [&hellip;]<\/p>\n","protected":false},"author":8,"featured_media":16651,"comment_status":"closed","ping_status":"open","sticky":false,"template":"","format":"standard","meta":{"footnotes":""},"categories":[1138],"tags":[],"class_list":["post-16650","post","type-post","status-publish","format-standard","has-post-thumbnail","hentry","category-cuatro-pt"],"_links":{"self":[{"href":"https:\/\/bebartlet.com\/pt-pt\/wp-json\/wp\/v2\/posts\/16650","targetHints":{"allow":["GET"]}}],"collection":[{"href":"https:\/\/bebartlet.com\/pt-pt\/wp-json\/wp\/v2\/posts"}],"about":[{"href":"https:\/\/bebartlet.com\/pt-pt\/wp-json\/wp\/v2\/types\/post"}],"author":[{"embeddable":true,"href":"https:\/\/bebartlet.com\/pt-pt\/wp-json\/wp\/v2\/users\/8"}],"replies":[{"embeddable":true,"href":"https:\/\/bebartlet.com\/pt-pt\/wp-json\/wp\/v2\/comments?post=16650"}],"version-history":[{"count":0,"href":"https:\/\/bebartlet.com\/pt-pt\/wp-json\/wp\/v2\/posts\/16650\/revisions"}],"wp:featuredmedia":[{"embeddable":true,"href":"https:\/\/bebartlet.com\/pt-pt\/wp-json\/wp\/v2\/media\/16651"}],"wp:attachment":[{"href":"https:\/\/bebartlet.com\/pt-pt\/wp-json\/wp\/v2\/media?parent=16650"}],"wp:term":[{"taxonomy":"category","embeddable":true,"href":"https:\/\/bebartlet.com\/pt-pt\/wp-json\/wp\/v2\/categories?post=16650"},{"taxonomy":"post_tag","embeddable":true,"href":"https:\/\/bebartlet.com\/pt-pt\/wp-json\/wp\/v2\/tags?post=16650"}],"curies":[{"name":"wp","href":"https:\/\/api.w.org\/{rel}","templated":true}]}}