{"id":16652,"date":"2023-07-27T07:52:14","date_gmt":"2023-07-27T05:52:14","guid":{"rendered":"https:\/\/bebartlet.com\/la-unidad-electoral-de-bebartlet-analiza-en-medios-la-campana-electoral-del-23j\/"},"modified":"2023-07-27T07:52:14","modified_gmt":"2023-07-27T05:52:14","slug":"la-unidad-electoral-de-bebartlet-analiza-en-medios-la-campana-electoral-del-23j","status":"publish","type":"post","link":"https:\/\/bebartlet.com\/pt-pt\/la-unidad-electoral-de-bebartlet-analiza-en-medios-la-campana-electoral-del-23j\/","title":{"rendered":"Un amplio impacto en los medios de nuestra Unidad Electoral"},"content":{"rendered":"<p>Durante la <strong>campa\u00f1a<\/strong> de las <strong>elecciones generales del 23 de julio<\/strong> en <strong>Espa\u00f1a la Unidad Electoral de beBartlet ha participado en diferentes medios de comunicaci\u00f3n.\u00a0<\/strong>\u00a0Medios como <strong>EL PA\u00cdS<\/strong>, la <strong>BBC<\/strong>, programas de <strong>televisi\u00f3n<\/strong> como <a href=\"https:\/\/bebartlet.com\/ramon-mateo-director-de-bebartlet-analiza-en-el-programa-de-ana-rosa-el-cara-a-cara-de-sanchez-y-feijoo\/\"><strong>El Programa de Ana Rosa<\/strong><\/a>, la <strong>revista<\/strong> <a href=\"https:\/\/bebartlet.com\/que-ha-convertido-a-esta-campana-electoral-en-atipica\/\"><strong>Vanity Fair, <\/strong><\/a>medios <strong>sectoriales<\/strong> como <a href=\"https:\/\/bebartlet.com\/que-impacto-tiene-el-debate-electoral-en-los-votantes\/\"><strong>Business Insider<\/strong><\/a> y otros <strong>internacionales<\/strong> como <a href=\"https:\/\/bebartlet.com\/los-debates-que-marcaron-la-campana-electoral\/\"><strong>France 24<\/strong><\/a> han solicitado nuestros an\u00e1lisis. \u00a1<strong>Excelente trabajo en equipo<\/strong>!<\/p>\n<p>La Unidad Electoral de beBartlet est\u00e1 liderada por <strong>Nacho Corredor<\/strong> (socio y presidente del C\u00edrculo de Asesores de la compa\u00f1\u00eda) y <strong>Ram\u00f3n Mateo<\/strong> (director de An\u00e1lisis e Impacto regulatorio). En el equipo estamos preparado para acompa\u00f1ar a nuestros en la nueva etapa que se abre, junto a <strong>Diego Gago<\/strong> (director de Estrategia pol\u00edtica de beBartlet), <strong>Marta Pascal<\/strong> (asesora) y el equipo de consultores.<\/p>\n<p>&nbsp;<\/p>\n<p>&nbsp;<\/p>\n<p>&nbsp;<\/p>\n","protected":false},"excerpt":{"rendered":"<p>Durante la campa\u00f1a de las elecciones generales del 23 de julio en Espa\u00f1a la Unidad Electoral de beBartlet ha participado en diferentes medios de comunicaci\u00f3n.\u00a0\u00a0Medios como EL PA\u00cdS, la BBC, programas de televisi\u00f3n como El Programa de Ana Rosa, la revista Vanity Fair, medios sectoriales como Business Insider y otros internacionales como France 24 han [&hellip;]<\/p>\n","protected":false},"author":5,"featured_media":16654,"comment_status":"closed","ping_status":"open","sticky":false,"template":"","format":"standard","meta":{"footnotes":""},"categories":[1115],"tags":[1157,1156,1345,1260,1420],"class_list":["post-16652","post","type-post","status-publish","format-standard","has-post-thumbnail","hentry","category-bebartlet-pt","tag-bebartlet","tag-incidencia-publica","tag-nacho-corredor","tag-ramon-mateo","tag-unidad-electoral"],"_links":{"self":[{"href":"https:\/\/bebartlet.com\/pt-pt\/wp-json\/wp\/v2\/posts\/16652","targetHints":{"allow":["GET"]}}],"collection":[{"href":"https:\/\/bebartlet.com\/pt-pt\/wp-json\/wp\/v2\/posts"}],"about":[{"href":"https:\/\/bebartlet.com\/pt-pt\/wp-json\/wp\/v2\/types\/post"}],"author":[{"embeddable":true,"href":"https:\/\/bebartlet.com\/pt-pt\/wp-json\/wp\/v2\/users\/5"}],"replies":[{"embeddable":true,"href":"https:\/\/bebartlet.com\/pt-pt\/wp-json\/wp\/v2\/comments?post=16652"}],"version-history":[{"count":0,"href":"https:\/\/bebartlet.com\/pt-pt\/wp-json\/wp\/v2\/posts\/16652\/revisions"}],"wp:featuredmedia":[{"embeddable":true,"href":"https:\/\/bebartlet.com\/pt-pt\/wp-json\/wp\/v2\/media\/16654"}],"wp:attachment":[{"href":"https:\/\/bebartlet.com\/pt-pt\/wp-json\/wp\/v2\/media?parent=16652"}],"wp:term":[{"taxonomy":"category","embeddable":true,"href":"https:\/\/bebartlet.com\/pt-pt\/wp-json\/wp\/v2\/categories?post=16652"},{"taxonomy":"post_tag","embeddable":true,"href":"https:\/\/bebartlet.com\/pt-pt\/wp-json\/wp\/v2\/tags?post=16652"}],"curies":[{"name":"wp","href":"https:\/\/api.w.org\/{rel}","templated":true}]}}