{"id":16658,"date":"2023-07-24T16:00:23","date_gmt":"2023-07-24T14:00:23","guid":{"rendered":"https:\/\/bebartlet.com\/la-consultora-de-incidencia-publica-bebartlet-aterriza-en-barcelona\/"},"modified":"2023-07-24T16:00:23","modified_gmt":"2023-07-24T14:00:23","slug":"la-consultora-de-incidencia-publica-bebartlet-aterriza-en-barcelona","status":"publish","type":"post","link":"https:\/\/bebartlet.com\/pt-pt\/la-consultora-de-incidencia-publica-bebartlet-aterriza-en-barcelona\/","title":{"rendered":"La consultora de incidencia p\u00fablica beBartlet aterriza en Barcelona"},"content":{"rendered":"\t\t<div data-elementor-type=\"wp-post\" data-elementor-id=\"16658\" class=\"elementor elementor-16658 elementor-7374\" data-elementor-post-type=\"post\">\n\t\t\t\t\t\t<section class=\"elementor-section elementor-top-section elementor-element elementor-element-74c6ec0f elementor-section-boxed elementor-section-height-default elementor-section-height-default\" data-id=\"74c6ec0f\" data-element_type=\"section\" data-e-type=\"section\">\n\t\t\t\t\t\t<div class=\"elementor-container elementor-column-gap-default\">\n\t\t\t\t\t<div class=\"aux-parallax-section elementor-column elementor-col-100 elementor-top-column elementor-element elementor-element-4ce34680\" data-id=\"4ce34680\" data-element_type=\"column\" data-e-type=\"column\">\n\t\t\t<div class=\"elementor-widget-wrap elementor-element-populated\">\n\t\t\t\t\t\t<div class=\"elementor-element elementor-element-5aaf5f1c elementor-widget elementor-widget-text-editor\" data-id=\"5aaf5f1c\" data-element_type=\"widget\" data-e-type=\"widget\" data-widget_type=\"text-editor.default\">\n\t\t\t\t<div class=\"elementor-widget-container\">\n\t\t\t\t\t\t\t\t\tEl gabinete de incidencia p\u00fablica <strong>beBartlet<\/strong> abrir\u00e1 en septiembre unas <strong>nuevas oficinas en Barcelona<\/strong>, que ampliar\u00e1n las que en la actualidad tiene en Madrid.\r\n\r\nEl equipo estar\u00e1 liderado por uno de los principales socios de la compa\u00f1\u00eda, el polit\u00f3logo y consultor <strong>Nacho Corredor<\/strong>, as\u00ed como la exdirigente del PDeCAT y doctora en comunicaci\u00f3n <strong>Marta Pascal<\/strong>. En el equipo, tambi\u00e9n les acompa\u00f1ar\u00e1 la consultora <strong>Marta Urgell\u00e9s<\/strong>.\r\n\r\nLa firma ha decidido <strong>apostar por Barcelona<\/strong> ya que, seg\u00fan dice, ha detectado que la ciudad <strong>&#8220;ha entrado en una nueva etapa de desarrollo econ\u00f3mico y estabilidad&#8221;.<\/strong>\r\n\r\n&nbsp;\t\t\t\t\t\t\t\t<\/div>\n\t\t\t\t<\/div>\n\t\t\t\t\t<\/div>\n\t\t<\/div>\n\t\t\t\t\t<\/div>\n\t\t<\/section>\n\t\t\t\t<section class=\"elementor-section elementor-top-section elementor-element elementor-element-107097e elementor-section-boxed elementor-section-height-default elementor-section-height-default\" data-id=\"107097e\" data-element_type=\"section\" data-e-type=\"section\">\n\t\t\t\t\t\t<div class=\"elementor-container elementor-column-gap-default\">\n\t\t\t\t\t<div class=\"aux-parallax-section elementor-column elementor-col-100 elementor-top-column elementor-element elementor-element-00a9ef0\" data-id=\"00a9ef0\" data-element_type=\"column\" data-e-type=\"column\">\n\t\t\t<div class=\"elementor-widget-wrap elementor-element-populated\">\n\t\t\t\t\t\t<div class=\"elementor-element elementor-element-b9164a5 elementor-widget elementor-widget-button\" data-id=\"b9164a5\" data-element_type=\"widget\" data-e-type=\"widget\" data-widget_type=\"button.default\">\n\t\t\t\t<div class=\"elementor-widget-container\">\n\t\t\t\t\t\t\t\t\t<div class=\"elementor-button-wrapper\">\n\t\t\t\t\t<a class=\"elementor-button elementor-button-link elementor-size-sm\" href=\"https:\/\/www.expansion.com\/catalunya\/2023\/07\/24\/64bdafa3e5fdea864a8b459a.html\" target=\"_blank\" rel=\"noopener\">\n\t\t\t\t\t\t<span class=\"elementor-button-content-wrapper\">\n\t\t\t\t\t\t\t\t\t<span class=\"elementor-button-text\">Ver noticia<\/span>\n\t\t\t\t\t<\/span>\n\t\t\t\t\t<\/a>\n\t\t\t\t<\/div>\n\t\t\t\t\t\t\t\t<\/div>\n\t\t\t\t<\/div>\n\t\t\t\t\t<\/div>\n\t\t<\/div>\n\t\t\t\t\t<\/div>\n\t\t<\/section>\n\t\t\t\t<\/div>\n\t\t","protected":false},"excerpt":{"rendered":"<p>El gabinete de incidencia p\u00fablica beBartlet abrir\u00e1 en septiembre unas nuevas oficinas en Barcelona, que ampliar\u00e1n las que en la actualidad tiene en Madrid. El equipo estar\u00e1 liderado por uno de los principales socios de la compa\u00f1\u00eda, el polit\u00f3logo y consultor Nacho Corredor, as\u00ed como la exdirigente del PDeCAT y doctora en comunicaci\u00f3n Marta Pascal. [&hellip;]<\/p>\n","protected":false},"author":5,"featured_media":16657,"comment_status":"closed","ping_status":"open","sticky":false,"template":"","format":"standard","meta":{"footnotes":""},"categories":[1146,1117],"tags":[],"class_list":["post-16658","post","type-post","status-publish","format-standard","has-post-thumbnail","hentry","category-expasion-pt","category-imprensa-pt"],"_links":{"self":[{"href":"https:\/\/bebartlet.com\/pt-pt\/wp-json\/wp\/v2\/posts\/16658","targetHints":{"allow":["GET"]}}],"collection":[{"href":"https:\/\/bebartlet.com\/pt-pt\/wp-json\/wp\/v2\/posts"}],"about":[{"href":"https:\/\/bebartlet.com\/pt-pt\/wp-json\/wp\/v2\/types\/post"}],"author":[{"embeddable":true,"href":"https:\/\/bebartlet.com\/pt-pt\/wp-json\/wp\/v2\/users\/5"}],"replies":[{"embeddable":true,"href":"https:\/\/bebartlet.com\/pt-pt\/wp-json\/wp\/v2\/comments?post=16658"}],"version-history":[{"count":0,"href":"https:\/\/bebartlet.com\/pt-pt\/wp-json\/wp\/v2\/posts\/16658\/revisions"}],"wp:featuredmedia":[{"embeddable":true,"href":"https:\/\/bebartlet.com\/pt-pt\/wp-json\/wp\/v2\/media\/16657"}],"wp:attachment":[{"href":"https:\/\/bebartlet.com\/pt-pt\/wp-json\/wp\/v2\/media?parent=16658"}],"wp:term":[{"taxonomy":"category","embeddable":true,"href":"https:\/\/bebartlet.com\/pt-pt\/wp-json\/wp\/v2\/categories?post=16658"},{"taxonomy":"post_tag","embeddable":true,"href":"https:\/\/bebartlet.com\/pt-pt\/wp-json\/wp\/v2\/tags?post=16658"}],"curies":[{"name":"wp","href":"https:\/\/api.w.org\/{rel}","templated":true}]}}