{"id":16661,"date":"2023-07-24T14:50:03","date_gmt":"2023-07-24T12:50:03","guid":{"rendered":"https:\/\/bebartlet.com\/los-nueve-retos-del-nuevo-gobierno\/"},"modified":"2023-07-24T14:50:03","modified_gmt":"2023-07-24T12:50:03","slug":"los-nueve-retos-del-nuevo-gobierno","status":"publish","type":"post","link":"https:\/\/bebartlet.com\/pt-pt\/los-nueve-retos-del-nuevo-gobierno\/","title":{"rendered":"Los nueve retos del nuevo Gobierno"},"content":{"rendered":"\t\t<div data-elementor-type=\"wp-post\" data-elementor-id=\"16661\" class=\"elementor elementor-16661 elementor-7628\" data-elementor-post-type=\"post\">\n\t\t\t\t\t\t<section class=\"elementor-section elementor-top-section elementor-element elementor-element-65c17970 elementor-section-boxed elementor-section-height-default elementor-section-height-default\" data-id=\"65c17970\" data-element_type=\"section\" data-e-type=\"section\">\n\t\t\t\t\t\t<div class=\"elementor-container elementor-column-gap-default\">\n\t\t\t\t\t<div class=\"aux-parallax-section elementor-column elementor-col-100 elementor-top-column elementor-element elementor-element-6b142b5a\" data-id=\"6b142b5a\" data-element_type=\"column\" data-e-type=\"column\">\n\t\t\t<div class=\"elementor-widget-wrap elementor-element-populated\">\n\t\t\t\t\t\t<div class=\"elementor-element elementor-element-3943bf7e elementor-widget elementor-widget-text-editor\" data-id=\"3943bf7e\" data-element_type=\"widget\" data-e-type=\"widget\" data-widget_type=\"text-editor.default\">\n\t\t\t\t<div class=\"elementor-widget-container\">\n\t\t\t\t\t\t\t\t\t<p>La <strong>transici\u00f3n energ\u00e9tica<\/strong>, apoyada por los fondos europeos, jugar\u00e1 un papel importante en la reindustrializaci\u00f3n. <strong>Alejandro Labanda<\/strong>, director de <strong>Transici\u00f3n Ecol\u00f3gica <\/strong>de<strong> beBartlet<\/strong>, analiza en <strong>Cinco D\u00edas<\/strong> c\u00f3mo el pr\u00f3ximo Ejecutivo deber\u00e1 \u201cconcretar\u201d la producci\u00f3n nacional de industrias como la de bater\u00edas o del veh\u00edculo el\u00e9ctrico. \u201cSer\u00e1 necesario <strong>reforzar las cadenas de suministros<\/strong> y responder de manera europea a los <strong>retos internacionales<\/strong>\u201d, a\u00f1ade.<\/p>\t\t\t\t\t\t\t\t<\/div>\n\t\t\t\t<\/div>\n\t\t\t\t\t<\/div>\n\t\t<\/div>\n\t\t\t\t\t<\/div>\n\t\t<\/section>\n\t\t\t\t<section class=\"elementor-section elementor-top-section elementor-element elementor-element-385eae4 elementor-section-boxed elementor-section-height-default elementor-section-height-default\" data-id=\"385eae4\" data-element_type=\"section\" data-e-type=\"section\">\n\t\t\t\t\t\t<div class=\"elementor-container elementor-column-gap-default\">\n\t\t\t\t\t<div class=\"aux-parallax-section elementor-column elementor-col-100 elementor-top-column elementor-element elementor-element-24d2120\" data-id=\"24d2120\" data-element_type=\"column\" data-e-type=\"column\">\n\t\t\t<div class=\"elementor-widget-wrap elementor-element-populated\">\n\t\t\t\t\t\t<div class=\"elementor-element elementor-element-867b052 elementor-widget elementor-widget-button\" data-id=\"867b052\" data-element_type=\"widget\" data-e-type=\"widget\" data-widget_type=\"button.default\">\n\t\t\t\t<div class=\"elementor-widget-container\">\n\t\t\t\t\t\t\t\t\t<div class=\"elementor-button-wrapper\">\n\t\t\t\t\t<a class=\"elementor-button elementor-button-link elementor-size-sm\" href=\"https:\/\/cincodias.elpais.com\/economia\/2023-07-24\/presupuestos-fondos-europeos-y-embridar-el-deficit-los-nueve-retos-del-nuevo-gobierno.html\" target=\"_blank\" rel=\"noopener\">\n\t\t\t\t\t\t<span class=\"elementor-button-content-wrapper\">\n\t\t\t\t\t\t\t\t\t<span class=\"elementor-button-text\">Ver noticia<\/span>\n\t\t\t\t\t<\/span>\n\t\t\t\t\t<\/a>\n\t\t\t\t<\/div>\n\t\t\t\t\t\t\t\t<\/div>\n\t\t\t\t<\/div>\n\t\t\t\t\t<\/div>\n\t\t<\/div>\n\t\t\t\t\t<\/div>\n\t\t<\/section>\n\t\t\t\t<\/div>\n\t\t","protected":false},"excerpt":{"rendered":"<p>La transici\u00f3n energ\u00e9tica, apoyada por los fondos europeos, jugar\u00e1 un papel importante en la reindustrializaci\u00f3n. Alejandro Labanda, director de Transici\u00f3n Ecol\u00f3gica de beBartlet, analiza en Cinco D\u00edas c\u00f3mo el pr\u00f3ximo Ejecutivo deber\u00e1 \u201cconcretar\u201d la producci\u00f3n nacional de industrias como la de bater\u00edas o del veh\u00edculo el\u00e9ctrico. \u201cSer\u00e1 necesario reforzar las cadenas de suministros y responder [&hellip;]<\/p>\n","protected":false},"author":5,"featured_media":16662,"comment_status":"closed","ping_status":"open","sticky":false,"template":"","format":"standard","meta":{"footnotes":""},"categories":[1137],"tags":[],"class_list":["post-16661","post","type-post","status-publish","format-standard","has-post-thumbnail","hentry","category-cincodias-pt"],"_links":{"self":[{"href":"https:\/\/bebartlet.com\/pt-pt\/wp-json\/wp\/v2\/posts\/16661","targetHints":{"allow":["GET"]}}],"collection":[{"href":"https:\/\/bebartlet.com\/pt-pt\/wp-json\/wp\/v2\/posts"}],"about":[{"href":"https:\/\/bebartlet.com\/pt-pt\/wp-json\/wp\/v2\/types\/post"}],"author":[{"embeddable":true,"href":"https:\/\/bebartlet.com\/pt-pt\/wp-json\/wp\/v2\/users\/5"}],"replies":[{"embeddable":true,"href":"https:\/\/bebartlet.com\/pt-pt\/wp-json\/wp\/v2\/comments?post=16661"}],"version-history":[{"count":0,"href":"https:\/\/bebartlet.com\/pt-pt\/wp-json\/wp\/v2\/posts\/16661\/revisions"}],"wp:featuredmedia":[{"embeddable":true,"href":"https:\/\/bebartlet.com\/pt-pt\/wp-json\/wp\/v2\/media\/16662"}],"wp:attachment":[{"href":"https:\/\/bebartlet.com\/pt-pt\/wp-json\/wp\/v2\/media?parent=16661"}],"wp:term":[{"taxonomy":"category","embeddable":true,"href":"https:\/\/bebartlet.com\/pt-pt\/wp-json\/wp\/v2\/categories?post=16661"},{"taxonomy":"post_tag","embeddable":true,"href":"https:\/\/bebartlet.com\/pt-pt\/wp-json\/wp\/v2\/tags?post=16661"}],"curies":[{"name":"wp","href":"https:\/\/api.w.org\/{rel}","templated":true}]}}