{"id":16666,"date":"2023-07-23T07:18:24","date_gmt":"2023-07-23T05:18:24","guid":{"rendered":"https:\/\/bebartlet.com\/la-formacion-de-gobierno-tras-el-23j\/"},"modified":"2023-07-23T07:18:24","modified_gmt":"2023-07-23T05:18:24","slug":"la-formacion-de-gobierno-tras-el-23j","status":"publish","type":"post","link":"https:\/\/bebartlet.com\/pt-pt\/la-formacion-de-gobierno-tras-el-23j\/","title":{"rendered":"La formaci\u00f3n de Gobierno tras el 23J"},"content":{"rendered":"\t\t<div data-elementor-type=\"wp-post\" data-elementor-id=\"16666\" class=\"elementor elementor-16666 elementor-7785\" data-elementor-post-type=\"post\">\n\t\t\t\t\t\t<section class=\"elementor-section elementor-top-section elementor-element elementor-element-2ab1b4f2 elementor-section-boxed elementor-section-height-default elementor-section-height-default\" data-id=\"2ab1b4f2\" data-element_type=\"section\" data-e-type=\"section\">\n\t\t\t\t\t\t<div class=\"elementor-container elementor-column-gap-default\">\n\t\t\t\t\t<div class=\"aux-parallax-section elementor-column elementor-col-100 elementor-top-column elementor-element elementor-element-3b5f4c10\" data-id=\"3b5f4c10\" data-element_type=\"column\" data-e-type=\"column\">\n\t\t\t<div class=\"elementor-widget-wrap elementor-element-populated\">\n\t\t\t\t\t\t<div class=\"elementor-element elementor-element-172944d3 elementor-widget elementor-widget-text-editor\" data-id=\"172944d3\" data-element_type=\"widget\" data-e-type=\"widget\" data-widget_type=\"text-editor.default\">\n\t\t\t\t<div class=\"elementor-widget-container\">\n\t\t\t\t\t\t\t\t\t<p>\u201cEl <strong>resultado de Feij\u00f3o<\/strong> est\u00e1 por debajo de las expectativas. Su <strong>rol de liderazgo<\/strong> estaba ligado a la expectativa de un buen resultado\u201c.<\/p><p><strong>Ram\u00f3n Mateo<\/strong>, director de <strong>An\u00e1lisis e Impacto Regulatorio<\/strong> de <strong>beBartlet<\/strong> y coordinador de la <strong>Unidad Electoral<\/strong>, analiza en el medio alem\u00e1n <strong>Tagesspiegel\u00a0<\/strong>los resultados de las <strong>elecciones generales del 23J<\/strong> y sus implicaciones para <strong>formar un nuevo Gobierno.<\/strong><\/p>\t\t\t\t\t\t\t\t<\/div>\n\t\t\t\t<\/div>\n\t\t\t\t\t<\/div>\n\t\t<\/div>\n\t\t\t\t\t<\/div>\n\t\t<\/section>\n\t\t\t\t<section class=\"elementor-section elementor-top-section elementor-element elementor-element-78eac2c elementor-section-boxed elementor-section-height-default elementor-section-height-default\" data-id=\"78eac2c\" data-element_type=\"section\" data-e-type=\"section\">\n\t\t\t\t\t\t<div class=\"elementor-container elementor-column-gap-default\">\n\t\t\t\t\t<div class=\"aux-parallax-section elementor-column elementor-col-100 elementor-top-column elementor-element elementor-element-2d62504\" data-id=\"2d62504\" data-element_type=\"column\" data-e-type=\"column\">\n\t\t\t<div class=\"elementor-widget-wrap elementor-element-populated\">\n\t\t\t\t\t\t<div class=\"elementor-element elementor-element-a54d72a elementor-widget elementor-widget-button\" data-id=\"a54d72a\" data-element_type=\"widget\" data-e-type=\"widget\" data-widget_type=\"button.default\">\n\t\t\t\t<div class=\"elementor-widget-container\">\n\t\t\t\t\t\t\t\t\t<div class=\"elementor-button-wrapper\">\n\t\t\t\t\t<a class=\"elementor-button elementor-button-link elementor-size-sm\" href=\"https:\/\/www.tagesspiegel.de\/internationales\/rechte-haben-uberraschend-verloren-spanien-steuert-nach-der-wahl-auf-eine-politische-blockade-zu-10199341.html\" target=\"_blank\" rel=\"noopener\">\n\t\t\t\t\t\t<span class=\"elementor-button-content-wrapper\">\n\t\t\t\t\t\t\t\t\t<span class=\"elementor-button-text\">Ver noticia<\/span>\n\t\t\t\t\t<\/span>\n\t\t\t\t\t<\/a>\n\t\t\t\t<\/div>\n\t\t\t\t\t\t\t\t<\/div>\n\t\t\t\t<\/div>\n\t\t\t\t\t<\/div>\n\t\t<\/div>\n\t\t\t\t\t<\/div>\n\t\t<\/section>\n\t\t\t\t<\/div>\n\t\t","protected":false},"excerpt":{"rendered":"<p>\u201cEl resultado de Feij\u00f3o est\u00e1 por debajo de las expectativas. Su rol de liderazgo estaba ligado a la expectativa de un buen resultado\u201c. Ram\u00f3n Mateo, director de An\u00e1lisis e Impacto Regulatorio de beBartlet y coordinador de la Unidad Electoral, analiza en el medio alem\u00e1n Tagesspiegel\u00a0los resultados de las elecciones generales del 23J y sus implicaciones [&hellip;]<\/p>\n","protected":false},"author":5,"featured_media":16667,"comment_status":"closed","ping_status":"open","sticky":false,"template":"","format":"standard","meta":{"footnotes":""},"categories":[1123],"tags":[],"class_list":["post-16666","post","type-post","status-publish","format-standard","has-post-thumbnail","hentry","category-tagesspiegel-pt"],"_links":{"self":[{"href":"https:\/\/bebartlet.com\/pt-pt\/wp-json\/wp\/v2\/posts\/16666","targetHints":{"allow":["GET"]}}],"collection":[{"href":"https:\/\/bebartlet.com\/pt-pt\/wp-json\/wp\/v2\/posts"}],"about":[{"href":"https:\/\/bebartlet.com\/pt-pt\/wp-json\/wp\/v2\/types\/post"}],"author":[{"embeddable":true,"href":"https:\/\/bebartlet.com\/pt-pt\/wp-json\/wp\/v2\/users\/5"}],"replies":[{"embeddable":true,"href":"https:\/\/bebartlet.com\/pt-pt\/wp-json\/wp\/v2\/comments?post=16666"}],"version-history":[{"count":0,"href":"https:\/\/bebartlet.com\/pt-pt\/wp-json\/wp\/v2\/posts\/16666\/revisions"}],"wp:featuredmedia":[{"embeddable":true,"href":"https:\/\/bebartlet.com\/pt-pt\/wp-json\/wp\/v2\/media\/16667"}],"wp:attachment":[{"href":"https:\/\/bebartlet.com\/pt-pt\/wp-json\/wp\/v2\/media?parent=16666"}],"wp:term":[{"taxonomy":"category","embeddable":true,"href":"https:\/\/bebartlet.com\/pt-pt\/wp-json\/wp\/v2\/categories?post=16666"},{"taxonomy":"post_tag","embeddable":true,"href":"https:\/\/bebartlet.com\/pt-pt\/wp-json\/wp\/v2\/tags?post=16666"}],"curies":[{"name":"wp","href":"https:\/\/api.w.org\/{rel}","templated":true}]}}