{"id":16668,"date":"2023-07-21T07:52:44","date_gmt":"2023-07-21T05:52:44","guid":{"rendered":"https:\/\/bebartlet.com\/el-papel-de-zapatero-en-la-campana-electoral\/"},"modified":"2023-07-21T07:52:44","modified_gmt":"2023-07-21T05:52:44","slug":"el-papel-de-zapatero-en-la-campana-electoral","status":"publish","type":"post","link":"https:\/\/bebartlet.com\/pt-pt\/el-papel-de-zapatero-en-la-campana-electoral\/","title":{"rendered":"El papel de Zapatero en la campa\u00f1a electoral"},"content":{"rendered":"\t\t<div data-elementor-type=\"wp-post\" data-elementor-id=\"16668\" class=\"elementor elementor-16668 elementor-7855\" data-elementor-post-type=\"post\">\n\t\t\t\t\t\t<section class=\"elementor-section elementor-top-section elementor-element elementor-element-734768d4 elementor-section-boxed elementor-section-height-default elementor-section-height-default\" data-id=\"734768d4\" data-element_type=\"section\" data-e-type=\"section\">\n\t\t\t\t\t\t<div class=\"elementor-container elementor-column-gap-default\">\n\t\t\t\t\t<div class=\"aux-parallax-section elementor-column elementor-col-100 elementor-top-column elementor-element elementor-element-5f8249dc\" data-id=\"5f8249dc\" data-element_type=\"column\" data-e-type=\"column\">\n\t\t\t<div class=\"elementor-widget-wrap elementor-element-populated\">\n\t\t\t\t\t\t<div class=\"elementor-element elementor-element-2d09d831 elementor-widget elementor-widget-text-editor\" data-id=\"2d09d831\" data-element_type=\"widget\" data-e-type=\"widget\" data-widget_type=\"text-editor.default\">\n\t\t\t\t<div class=\"elementor-widget-container\">\n\t\t\t\t\t\t\t\t\t<strong>Ram\u00f3n Mateo<\/strong>, director de <strong>An\u00e1lisis e Impacto Regulatorio<\/strong> de <strong>beBartlet<\/strong> y coordinador de la <strong>Unidad Electoral<\/strong>, cuenta para la revista <strong>Vanity Fair<\/strong> el papel que ha jugado el <strong>expresidente<\/strong> Jos\u00e9 Luis Rodr\u00edguez Zapatero en la <strong>campa\u00f1a electoral<\/strong> del <strong>23J<\/strong>: \u201cNormalmente los equipos llaman a los <strong>expresidentes<\/strong>, como ha pasado con <strong>Rajoy y Aznar<\/strong>, para arropar a los aspirantes y asociarlos a <strong>elementos de victoria<\/strong>. Pero Zapatero parece un candidato bis\u201d.\r\n\r\n&nbsp;\t\t\t\t\t\t\t\t<\/div>\n\t\t\t\t<\/div>\n\t\t\t\t\t<\/div>\n\t\t<\/div>\n\t\t\t\t\t<\/div>\n\t\t<\/section>\n\t\t\t\t<section class=\"elementor-section elementor-top-section elementor-element elementor-element-06c7fb2 elementor-section-boxed elementor-section-height-default elementor-section-height-default\" data-id=\"06c7fb2\" data-element_type=\"section\" data-e-type=\"section\">\n\t\t\t\t\t\t<div class=\"elementor-container elementor-column-gap-default\">\n\t\t\t\t\t<div class=\"aux-parallax-section elementor-column elementor-col-100 elementor-top-column elementor-element elementor-element-dfa3060\" data-id=\"dfa3060\" data-element_type=\"column\" data-e-type=\"column\">\n\t\t\t<div class=\"elementor-widget-wrap elementor-element-populated\">\n\t\t\t\t\t\t<div class=\"elementor-element elementor-element-2bd51ed elementor-widget elementor-widget-button\" data-id=\"2bd51ed\" data-element_type=\"widget\" data-e-type=\"widget\" data-widget_type=\"button.default\">\n\t\t\t\t<div class=\"elementor-widget-container\">\n\t\t\t\t\t\t\t\t\t<div class=\"elementor-button-wrapper\">\n\t\t\t\t\t<a class=\"elementor-button elementor-button-link elementor-size-sm\" href=\"https:\/\/www.revistavanityfair.es\/articulos\/zapatero-reaparicion-campana-psoe-elecciones-2023\/amp\" target=\"_blank\" rel=\"noopener\">\n\t\t\t\t\t\t<span class=\"elementor-button-content-wrapper\">\n\t\t\t\t\t\t\t\t\t<span class=\"elementor-button-text\">Ver noticia<\/span>\n\t\t\t\t\t<\/span>\n\t\t\t\t\t<\/a>\n\t\t\t\t<\/div>\n\t\t\t\t\t\t\t\t<\/div>\n\t\t\t\t<\/div>\n\t\t\t\t\t<\/div>\n\t\t<\/div>\n\t\t\t\t\t<\/div>\n\t\t<\/section>\n\t\t\t\t<\/div>\n\t\t","protected":false},"excerpt":{"rendered":"<p>Ram\u00f3n Mateo, director de An\u00e1lisis e Impacto Regulatorio de beBartlet y coordinador de la Unidad Electoral, cuenta para la revista Vanity Fair el papel que ha jugado el expresidente Jos\u00e9 Luis Rodr\u00edguez Zapatero en la campa\u00f1a electoral del 23J: \u201cNormalmente los equipos llaman a los expresidentes, como ha pasado con Rajoy y Aznar, para arropar [&hellip;]<\/p>\n","protected":false},"author":5,"featured_media":16669,"comment_status":"closed","ping_status":"open","sticky":false,"template":"","format":"standard","meta":{"footnotes":""},"categories":[1120],"tags":[],"class_list":["post-16668","post","type-post","status-publish","format-standard","has-post-thumbnail","hentry","category-vanity-fair-pt"],"_links":{"self":[{"href":"https:\/\/bebartlet.com\/pt-pt\/wp-json\/wp\/v2\/posts\/16668","targetHints":{"allow":["GET"]}}],"collection":[{"href":"https:\/\/bebartlet.com\/pt-pt\/wp-json\/wp\/v2\/posts"}],"about":[{"href":"https:\/\/bebartlet.com\/pt-pt\/wp-json\/wp\/v2\/types\/post"}],"author":[{"embeddable":true,"href":"https:\/\/bebartlet.com\/pt-pt\/wp-json\/wp\/v2\/users\/5"}],"replies":[{"embeddable":true,"href":"https:\/\/bebartlet.com\/pt-pt\/wp-json\/wp\/v2\/comments?post=16668"}],"version-history":[{"count":0,"href":"https:\/\/bebartlet.com\/pt-pt\/wp-json\/wp\/v2\/posts\/16668\/revisions"}],"wp:featuredmedia":[{"embeddable":true,"href":"https:\/\/bebartlet.com\/pt-pt\/wp-json\/wp\/v2\/media\/16669"}],"wp:attachment":[{"href":"https:\/\/bebartlet.com\/pt-pt\/wp-json\/wp\/v2\/media?parent=16668"}],"wp:term":[{"taxonomy":"category","embeddable":true,"href":"https:\/\/bebartlet.com\/pt-pt\/wp-json\/wp\/v2\/categories?post=16668"},{"taxonomy":"post_tag","embeddable":true,"href":"https:\/\/bebartlet.com\/pt-pt\/wp-json\/wp\/v2\/tags?post=16668"}],"curies":[{"name":"wp","href":"https:\/\/api.w.org\/{rel}","templated":true}]}}