{"id":16670,"date":"2023-07-19T07:36:35","date_gmt":"2023-07-19T05:36:35","guid":{"rendered":"https:\/\/bebartlet.com\/el-gran-mito-de-la-clase-media-nadie-sabe-exactamente-que-es-pero-todos-quieren-su-voto\/"},"modified":"2023-07-19T07:36:35","modified_gmt":"2023-07-19T05:36:35","slug":"el-gran-mito-de-la-clase-media-nadie-sabe-exactamente-que-es-pero-todos-quieren-su-voto","status":"publish","type":"post","link":"https:\/\/bebartlet.com\/pt-pt\/el-gran-mito-de-la-clase-media-nadie-sabe-exactamente-que-es-pero-todos-quieren-su-voto\/","title":{"rendered":"Todos quieren el voto de la clase media"},"content":{"rendered":"\t\t<div data-elementor-type=\"wp-post\" data-elementor-id=\"16670\" class=\"elementor elementor-16670 elementor-7810\" data-elementor-post-type=\"post\">\n\t\t\t\t\t\t<section class=\"elementor-section elementor-top-section elementor-element elementor-element-3cb39c94 elementor-section-boxed elementor-section-height-default elementor-section-height-default\" data-id=\"3cb39c94\" data-element_type=\"section\" data-e-type=\"section\">\n\t\t\t\t\t\t<div class=\"elementor-container elementor-column-gap-default\">\n\t\t\t\t\t<div class=\"aux-parallax-section elementor-column elementor-col-100 elementor-top-column elementor-element elementor-element-30fae499\" data-id=\"30fae499\" data-element_type=\"column\" data-e-type=\"column\">\n\t\t\t<div class=\"elementor-widget-wrap elementor-element-populated\">\n\t\t\t\t\t\t<div class=\"elementor-element elementor-element-a2f30c9 elementor-widget elementor-widget-text-editor\" data-id=\"a2f30c9\" data-element_type=\"widget\" data-e-type=\"widget\" data-widget_type=\"text-editor.default\">\n\t\t\t\t<div class=\"elementor-widget-container\">\n\t\t\t\t\t\t\t\t\tLos <strong>candidatos al 23 de julio<\/strong> han centrado la <strong>batalla electoral<\/strong> en las clases medias; un concepto lo suficientemente amplio y ambiguo como para que la mayor\u00eda de <strong>ciudadanos<\/strong> se sientan identificados. Pero, \u00bf<strong>qui\u00e9n es clase media<\/strong>?\r\n\r\n<strong>Ram\u00f3n Mateo<\/strong>, director de <strong>An\u00e1lisis e Impacto Regulatorio<\/strong> de <strong>beBartlet<\/strong> y coordinador de la <strong>Unidad Electoral<\/strong>, se\u00f1ala en <strong>Business Insider<\/strong> los <strong>aspectos socioecon\u00f3micos<\/strong> que configuran a la clase media: \u201cEl coche y la primera y segunda vivienda hoy en d\u00eda es impensable para la mayor\u00eda de la sociedad, incluso para lo que ser\u00eda la clase media\u201c.\t\t\t\t\t\t\t\t<\/div>\n\t\t\t\t<\/div>\n\t\t\t\t\t<\/div>\n\t\t<\/div>\n\t\t\t\t\t<\/div>\n\t\t<\/section>\n\t\t\t\t<section class=\"elementor-section elementor-top-section elementor-element elementor-element-57a550b elementor-section-boxed elementor-section-height-default elementor-section-height-default\" data-id=\"57a550b\" data-element_type=\"section\" data-e-type=\"section\">\n\t\t\t\t\t\t<div class=\"elementor-container elementor-column-gap-default\">\n\t\t\t\t\t<div class=\"aux-parallax-section elementor-column elementor-col-100 elementor-top-column elementor-element elementor-element-ca8448d\" data-id=\"ca8448d\" data-element_type=\"column\" data-e-type=\"column\">\n\t\t\t<div class=\"elementor-widget-wrap elementor-element-populated\">\n\t\t\t\t\t\t<div class=\"elementor-element elementor-element-751c588 elementor-widget elementor-widget-button\" data-id=\"751c588\" data-element_type=\"widget\" data-e-type=\"widget\" data-widget_type=\"button.default\">\n\t\t\t\t<div class=\"elementor-widget-container\">\n\t\t\t\t\t\t\t\t\t<div class=\"elementor-button-wrapper\">\n\t\t\t\t\t<a class=\"elementor-button elementor-button-link elementor-size-sm\" href=\"https:\/\/www.businessinsider.es\/elecciones-23j-gran-mito-clase-media-descubierto-1273762\" target=\"_blank\" rel=\"noopener\">\n\t\t\t\t\t\t<span class=\"elementor-button-content-wrapper\">\n\t\t\t\t\t\t\t\t\t<span class=\"elementor-button-text\">Ver noticia<\/span>\n\t\t\t\t\t<\/span>\n\t\t\t\t\t<\/a>\n\t\t\t\t<\/div>\n\t\t\t\t\t\t\t\t<\/div>\n\t\t\t\t<\/div>\n\t\t\t\t\t<\/div>\n\t\t<\/div>\n\t\t\t\t\t<\/div>\n\t\t<\/section>\n\t\t\t\t<\/div>\n\t\t","protected":false},"excerpt":{"rendered":"<p>Los candidatos al 23 de julio han centrado la batalla electoral en las clases medias; un concepto lo suficientemente amplio y ambiguo como para que la mayor\u00eda de ciudadanos se sientan identificados. Pero, \u00bfqui\u00e9n es clase media? Ram\u00f3n Mateo, director de An\u00e1lisis e Impacto Regulatorio de beBartlet y coordinador de la Unidad Electoral, se\u00f1ala en [&hellip;]<\/p>\n","protected":false},"author":5,"featured_media":16671,"comment_status":"closed","ping_status":"open","sticky":false,"template":"","format":"standard","meta":{"footnotes":""},"categories":[1134],"tags":[],"class_list":["post-16670","post","type-post","status-publish","format-standard","has-post-thumbnail","hentry","category-business-insider-pt"],"_links":{"self":[{"href":"https:\/\/bebartlet.com\/pt-pt\/wp-json\/wp\/v2\/posts\/16670","targetHints":{"allow":["GET"]}}],"collection":[{"href":"https:\/\/bebartlet.com\/pt-pt\/wp-json\/wp\/v2\/posts"}],"about":[{"href":"https:\/\/bebartlet.com\/pt-pt\/wp-json\/wp\/v2\/types\/post"}],"author":[{"embeddable":true,"href":"https:\/\/bebartlet.com\/pt-pt\/wp-json\/wp\/v2\/users\/5"}],"replies":[{"embeddable":true,"href":"https:\/\/bebartlet.com\/pt-pt\/wp-json\/wp\/v2\/comments?post=16670"}],"version-history":[{"count":0,"href":"https:\/\/bebartlet.com\/pt-pt\/wp-json\/wp\/v2\/posts\/16670\/revisions"}],"wp:featuredmedia":[{"embeddable":true,"href":"https:\/\/bebartlet.com\/pt-pt\/wp-json\/wp\/v2\/media\/16671"}],"wp:attachment":[{"href":"https:\/\/bebartlet.com\/pt-pt\/wp-json\/wp\/v2\/media?parent=16670"}],"wp:term":[{"taxonomy":"category","embeddable":true,"href":"https:\/\/bebartlet.com\/pt-pt\/wp-json\/wp\/v2\/categories?post=16670"},{"taxonomy":"post_tag","embeddable":true,"href":"https:\/\/bebartlet.com\/pt-pt\/wp-json\/wp\/v2\/tags?post=16670"}],"curies":[{"name":"wp","href":"https:\/\/api.w.org\/{rel}","templated":true}]}}