{"id":16672,"date":"2023-07-18T07:45:55","date_gmt":"2023-07-18T05:45:55","guid":{"rendered":"https:\/\/bebartlet.com\/los-debates-que-marcaron-la-campana-electoral\/"},"modified":"2023-07-18T07:45:55","modified_gmt":"2023-07-18T05:45:55","slug":"los-debates-que-marcaron-la-campana-electoral","status":"publish","type":"post","link":"https:\/\/bebartlet.com\/pt-pt\/los-debates-que-marcaron-la-campana-electoral\/","title":{"rendered":"Los debates que marcaron la campa\u00f1a electoral"},"content":{"rendered":"\t\t<div data-elementor-type=\"wp-post\" data-elementor-id=\"16672\" class=\"elementor elementor-16672 elementor-7832\" data-elementor-post-type=\"post\">\n\t\t\t\t\t\t<section class=\"elementor-section elementor-top-section elementor-element elementor-element-5a6c1e8b elementor-section-boxed elementor-section-height-default elementor-section-height-default\" data-id=\"5a6c1e8b\" data-element_type=\"section\" data-e-type=\"section\">\n\t\t\t\t\t\t<div class=\"elementor-container elementor-column-gap-default\">\n\t\t\t\t\t<div class=\"aux-parallax-section elementor-column elementor-col-100 elementor-top-column elementor-element elementor-element-16648442\" data-id=\"16648442\" data-element_type=\"column\" data-e-type=\"column\">\n\t\t\t<div class=\"elementor-widget-wrap elementor-element-populated\">\n\t\t\t\t\t\t<div class=\"elementor-element elementor-element-2eb96180 elementor-widget elementor-widget-text-editor\" data-id=\"2eb96180\" data-element_type=\"widget\" data-e-type=\"widget\" data-widget_type=\"text-editor.default\">\n\t\t\t\t<div class=\"elementor-widget-container\">\n\t\t\t\t\t\t\t\t\t<strong>Ram\u00f3n Mateo<\/strong>, director de <strong>An\u00e1lisis e Impacto Regulatorio<\/strong> de <strong>beBartlet<\/strong> y coordinador de la <strong>Unidad Electoral<\/strong>, explica en <strong>France 24<\/strong> c\u00f3mo la <strong>polarizaci\u00f3n<\/strong> se traslada a lo econ\u00f3mico: \u201cEn las encuestas de percepci\u00f3n sobre la econom\u00eda, la mayor parte de los <strong>encuestados<\/strong> dicen que perciben que la econom\u00eda a nivel general no va bien, pero cuando se les pregunta por su situaci\u00f3n particular dicen que buena o muy buena. Hay un <strong>sesgo motivado por esa polarizaci\u00f3n<\/strong>. Una <strong>percepci\u00f3n negativa del Gobierno<\/strong> que achacan tambi\u00e9n una mala percepci\u00f3n econ\u00f3mica\u201d.\r\n\r\n&nbsp;\t\t\t\t\t\t\t\t<\/div>\n\t\t\t\t<\/div>\n\t\t\t\t\t<\/div>\n\t\t<\/div>\n\t\t\t\t\t<\/div>\n\t\t<\/section>\n\t\t\t\t<section class=\"elementor-section elementor-top-section elementor-element elementor-element-6e5a2aa elementor-section-boxed elementor-section-height-default elementor-section-height-default\" data-id=\"6e5a2aa\" data-element_type=\"section\" data-e-type=\"section\">\n\t\t\t\t\t\t<div class=\"elementor-container elementor-column-gap-default\">\n\t\t\t\t\t<div class=\"aux-parallax-section elementor-column elementor-col-100 elementor-top-column elementor-element elementor-element-0569711\" data-id=\"0569711\" data-element_type=\"column\" data-e-type=\"column\">\n\t\t\t<div class=\"elementor-widget-wrap elementor-element-populated\">\n\t\t\t\t\t\t<div class=\"elementor-element elementor-element-a475262 elementor-widget elementor-widget-button\" data-id=\"a475262\" data-element_type=\"widget\" data-e-type=\"widget\" data-widget_type=\"button.default\">\n\t\t\t\t<div class=\"elementor-widget-container\">\n\t\t\t\t\t\t\t\t\t<div class=\"elementor-button-wrapper\">\n\t\t\t\t\t<a class=\"elementor-button elementor-button-link elementor-size-sm\" href=\"https:\/\/www.france24.com\/es\/europa\/20230717-espa%C3%B1a-los-debates-que-marcan-la-campa%C3%B1a-electoral-y-que-podr%C3%ADan-ser-cruciales-el-23j\" target=\"_blank\" rel=\"noopener\">\n\t\t\t\t\t\t<span class=\"elementor-button-content-wrapper\">\n\t\t\t\t\t\t\t\t\t<span class=\"elementor-button-text\">Ver noticia<\/span>\n\t\t\t\t\t<\/span>\n\t\t\t\t\t<\/a>\n\t\t\t\t<\/div>\n\t\t\t\t\t\t\t\t<\/div>\n\t\t\t\t<\/div>\n\t\t\t\t\t<\/div>\n\t\t<\/div>\n\t\t\t\t\t<\/div>\n\t\t<\/section>\n\t\t\t\t<\/div>\n\t\t","protected":false},"excerpt":{"rendered":"<p>Ram\u00f3n Mateo, director de An\u00e1lisis e Impacto Regulatorio de beBartlet y coordinador de la Unidad Electoral, explica en France 24 c\u00f3mo la polarizaci\u00f3n se traslada a lo econ\u00f3mico: \u201cEn las encuestas de percepci\u00f3n sobre la econom\u00eda, la mayor parte de los encuestados dicen que perciben que la econom\u00eda a nivel general no va bien, pero [&hellip;]<\/p>\n","protected":false},"author":5,"featured_media":16673,"comment_status":"closed","ping_status":"open","sticky":false,"template":"","format":"standard","meta":{"footnotes":""},"categories":[1148],"tags":[],"class_list":["post-16672","post","type-post","status-publish","format-standard","has-post-thumbnail","hentry","category-france-24-pt"],"_links":{"self":[{"href":"https:\/\/bebartlet.com\/pt-pt\/wp-json\/wp\/v2\/posts\/16672","targetHints":{"allow":["GET"]}}],"collection":[{"href":"https:\/\/bebartlet.com\/pt-pt\/wp-json\/wp\/v2\/posts"}],"about":[{"href":"https:\/\/bebartlet.com\/pt-pt\/wp-json\/wp\/v2\/types\/post"}],"author":[{"embeddable":true,"href":"https:\/\/bebartlet.com\/pt-pt\/wp-json\/wp\/v2\/users\/5"}],"replies":[{"embeddable":true,"href":"https:\/\/bebartlet.com\/pt-pt\/wp-json\/wp\/v2\/comments?post=16672"}],"version-history":[{"count":0,"href":"https:\/\/bebartlet.com\/pt-pt\/wp-json\/wp\/v2\/posts\/16672\/revisions"}],"wp:featuredmedia":[{"embeddable":true,"href":"https:\/\/bebartlet.com\/pt-pt\/wp-json\/wp\/v2\/media\/16673"}],"wp:attachment":[{"href":"https:\/\/bebartlet.com\/pt-pt\/wp-json\/wp\/v2\/media?parent=16672"}],"wp:term":[{"taxonomy":"category","embeddable":true,"href":"https:\/\/bebartlet.com\/pt-pt\/wp-json\/wp\/v2\/categories?post=16672"},{"taxonomy":"post_tag","embeddable":true,"href":"https:\/\/bebartlet.com\/pt-pt\/wp-json\/wp\/v2\/tags?post=16672"}],"curies":[{"name":"wp","href":"https:\/\/api.w.org\/{rel}","templated":true}]}}