{"id":16683,"date":"2023-07-10T14:14:38","date_gmt":"2023-07-10T12:14:38","guid":{"rendered":"https:\/\/bebartlet.com\/ramon-mateo-director-de-bebartlet-analiza-en-el-programa-de-ana-rosa-el-cara-a-cara-de-sanchez-y-feijoo\/"},"modified":"2023-07-10T14:14:38","modified_gmt":"2023-07-10T12:14:38","slug":"ramon-mateo-director-de-bebartlet-analiza-en-el-programa-de-ana-rosa-el-cara-a-cara-de-sanchez-y-feijoo","status":"publish","type":"post","link":"https:\/\/bebartlet.com\/pt-pt\/ramon-mateo-director-de-bebartlet-analiza-en-el-programa-de-ana-rosa-el-cara-a-cara-de-sanchez-y-feijoo\/","title":{"rendered":"Ram\u00f3n Mateo, director de beBartlet, analiza en El programa de Ana Rosa el cara a cara de S\u00e1nchez y Feijo\u00f3"},"content":{"rendered":"<p><strong>Ram\u00f3n Mateo,<\/strong> director de <strong>An\u00e1lisis e Impacto Regulatorio<\/strong> de <strong>beBartlet <\/strong>y coordinador de la <strong>Unidad Electoral<\/strong>,\u00a0analiza en <strong>El programa de Ana Rosa<\/strong> el cara a cara de <strong>Pedro S\u00e1nchez<\/strong> y <strong>Alberto N\u00fa\u00f1ez Feijo\u00f3<\/strong>.<\/p>\n<p>&nbsp;<\/p>\n<blockquote class=\"twitter-tweet\" data-width=\"500\" data-dnt=\"true\">\n<p lang=\"es\" dir=\"ltr\">\u00bfSer\u00e1 determinante para la campa\u00f1a el cara a cara de S\u00e1nchez y Feijo\u00f3 de esta noche?<a href=\"https:\/\/twitter.com\/ramonmateoes?ref_src=twsrc%5Etfw\" target=\"_blank\" rel=\"noopener\">@ramonmateoes<\/a> (director de An\u00e1lisis e Impacto regulatoriode beBartlet) lo ha analizado esta ma\u00f1ana en <a href=\"https:\/\/twitter.com\/elprogramadear?ref_src=twsrc%5Etfw\" target=\"_blank\" rel=\"noopener\">@ElProgramadeAR<\/a>.<a href=\"https:\/\/twitter.com\/hashtag\/UnidadElectoral_bB?src=hash&amp;ref_src=twsrc%5Etfw\" target=\"_blank\" rel=\"noopener\">#UnidadElectoral_bB<\/a> <a href=\"https:\/\/t.co\/WEwbeiDAsw\">pic.twitter.com\/WEwbeiDAsw<\/a><\/p>\n<p>&mdash; beBartlet (@be_bartlet) <a href=\"https:\/\/twitter.com\/be_bartlet\/status\/1678404834448363524?ref_src=twsrc%5Etfw\" target=\"_blank\" rel=\"noopener\">July 10, 2023<\/a><\/p><\/blockquote>\n<p><script async src=\"https:\/\/platform.twitter.com\/widgets.js\" charset=\"utf-8\"><\/script><\/p>\n","protected":false},"excerpt":{"rendered":"<p>Ram\u00f3n Mateo, director de An\u00e1lisis e Impacto Regulatorio de beBartlet y coordinador de la Unidad Electoral,\u00a0analiza en El programa de Ana Rosa el cara a cara de Pedro S\u00e1nchez y Alberto N\u00fa\u00f1ez Feijo\u00f3. &nbsp;<\/p>\n","protected":false},"author":5,"featured_media":16654,"comment_status":"closed","ping_status":"open","sticky":false,"template":"","format":"standard","meta":{"footnotes":""},"categories":[1122],"tags":[],"class_list":["post-16683","post","type-post","status-publish","format-standard","has-post-thumbnail","hentry","category-telecinco-pt"],"_links":{"self":[{"href":"https:\/\/bebartlet.com\/pt-pt\/wp-json\/wp\/v2\/posts\/16683","targetHints":{"allow":["GET"]}}],"collection":[{"href":"https:\/\/bebartlet.com\/pt-pt\/wp-json\/wp\/v2\/posts"}],"about":[{"href":"https:\/\/bebartlet.com\/pt-pt\/wp-json\/wp\/v2\/types\/post"}],"author":[{"embeddable":true,"href":"https:\/\/bebartlet.com\/pt-pt\/wp-json\/wp\/v2\/users\/5"}],"replies":[{"embeddable":true,"href":"https:\/\/bebartlet.com\/pt-pt\/wp-json\/wp\/v2\/comments?post=16683"}],"version-history":[{"count":0,"href":"https:\/\/bebartlet.com\/pt-pt\/wp-json\/wp\/v2\/posts\/16683\/revisions"}],"wp:featuredmedia":[{"embeddable":true,"href":"https:\/\/bebartlet.com\/pt-pt\/wp-json\/wp\/v2\/media\/16654"}],"wp:attachment":[{"href":"https:\/\/bebartlet.com\/pt-pt\/wp-json\/wp\/v2\/media?parent=16683"}],"wp:term":[{"taxonomy":"category","embeddable":true,"href":"https:\/\/bebartlet.com\/pt-pt\/wp-json\/wp\/v2\/categories?post=16683"},{"taxonomy":"post_tag","embeddable":true,"href":"https:\/\/bebartlet.com\/pt-pt\/wp-json\/wp\/v2\/tags?post=16683"}],"curies":[{"name":"wp","href":"https:\/\/api.w.org\/{rel}","templated":true}]}}