{"id":16684,"date":"2023-07-04T16:19:47","date_gmt":"2023-07-04T14:19:47","guid":{"rendered":"https:\/\/bebartlet.com\/analisis-de-las-entrevistas-en-medios-de-pedro-sanchez-durante-la-campana-electoral\/"},"modified":"2023-07-04T16:19:47","modified_gmt":"2023-07-04T14:19:47","slug":"analisis-de-las-entrevistas-en-medios-de-pedro-sanchez-durante-la-campana-electoral","status":"publish","type":"post","link":"https:\/\/bebartlet.com\/pt-pt\/analisis-de-las-entrevistas-en-medios-de-pedro-sanchez-durante-la-campana-electoral\/","title":{"rendered":"An\u00e1lisis de las entrevistas en medios de Pedro S\u00e1nchez durante la campa\u00f1a electoral"},"content":{"rendered":"\t\t<div data-elementor-type=\"wp-post\" data-elementor-id=\"16684\" class=\"elementor elementor-16684 elementor-7423\" data-elementor-post-type=\"post\">\n\t\t\t\t\t\t<section class=\"elementor-section elementor-top-section elementor-element elementor-element-78b72f25 elementor-section-boxed elementor-section-height-default elementor-section-height-default\" data-id=\"78b72f25\" data-element_type=\"section\" data-e-type=\"section\">\n\t\t\t\t\t\t<div class=\"elementor-container elementor-column-gap-default\">\n\t\t\t\t\t<div class=\"aux-parallax-section elementor-column elementor-col-100 elementor-top-column elementor-element elementor-element-51dfc8ed\" data-id=\"51dfc8ed\" data-element_type=\"column\" data-e-type=\"column\">\n\t\t\t<div class=\"elementor-widget-wrap elementor-element-populated\">\n\t\t\t\t\t\t<div class=\"elementor-element elementor-element-7f3f8bbd elementor-widget elementor-widget-text-editor\" data-id=\"7f3f8bbd\" data-element_type=\"widget\" data-e-type=\"widget\" data-widget_type=\"text-editor.default\">\n\t\t\t\t<div class=\"elementor-widget-container\">\n\t\t\t\t\t\t\t\t\t<p><strong>Ram\u00f3n Mateo<\/strong>, director de <strong>An\u00e1lisis e Impacto Regulatorio<\/strong> de <strong>beBartlet<\/strong> y coordinador de la <strong>Unidad Electoral<\/strong>, analiza en <strong>P\u00fablico.es<\/strong> la estrategia del <strong>PSOE<\/strong> para movilizar a los casi <strong>tres millones de electores<\/strong> de <strong>entre 18 y 24 a\u00f1os<\/strong> que <strong>votar\u00e1n por primera vez<\/strong> el pr\u00f3ximo 23 de julio de 2023.<\/p>\t\t\t\t\t\t\t\t<\/div>\n\t\t\t\t<\/div>\n\t\t\t\t\t<\/div>\n\t\t<\/div>\n\t\t\t\t\t<\/div>\n\t\t<\/section>\n\t\t\t\t<section class=\"elementor-section elementor-top-section elementor-element elementor-element-1e5dff2 elementor-section-boxed elementor-section-height-default elementor-section-height-default\" data-id=\"1e5dff2\" data-element_type=\"section\" data-e-type=\"section\">\n\t\t\t\t\t\t<div class=\"elementor-container elementor-column-gap-default\">\n\t\t\t\t\t<div class=\"aux-parallax-section elementor-column elementor-col-100 elementor-top-column elementor-element elementor-element-0f0f9de\" data-id=\"0f0f9de\" data-element_type=\"column\" data-e-type=\"column\">\n\t\t\t<div class=\"elementor-widget-wrap elementor-element-populated\">\n\t\t\t\t\t\t<div class=\"elementor-element elementor-element-4db1fcf elementor-widget elementor-widget-button\" data-id=\"4db1fcf\" data-element_type=\"widget\" data-e-type=\"widget\" data-widget_type=\"button.default\">\n\t\t\t\t<div class=\"elementor-widget-container\">\n\t\t\t\t\t\t\t\t\t<div class=\"elementor-button-wrapper\">\n\t\t\t\t\t<a class=\"elementor-button elementor-button-link elementor-size-sm\" href=\"https:\/\/www.publico.es\/uwu\/viral\/por-que-sanchez-se-juega-mas-en-la-pija-y-la-quinqui-que-en-el-hormiguero\/\" target=\"_blank\" rel=\"noopener\">\n\t\t\t\t\t\t<span class=\"elementor-button-content-wrapper\">\n\t\t\t\t\t\t\t\t\t<span class=\"elementor-button-text\">Ver noticia<\/span>\n\t\t\t\t\t<\/span>\n\t\t\t\t\t<\/a>\n\t\t\t\t<\/div>\n\t\t\t\t\t\t\t\t<\/div>\n\t\t\t\t<\/div>\n\t\t\t\t\t<\/div>\n\t\t<\/div>\n\t\t\t\t\t<\/div>\n\t\t<\/section>\n\t\t\t\t<\/div>\n\t\t","protected":false},"excerpt":{"rendered":"<p>Ram\u00f3n Mateo, director de An\u00e1lisis e Impacto Regulatorio de beBartlet y coordinador de la Unidad Electoral, analiza en P\u00fablico.es la estrategia del PSOE para movilizar a los casi tres millones de electores de entre 18 y 24 a\u00f1os que votar\u00e1n por primera vez el pr\u00f3ximo 23 de julio de 2023. Ver noticia<\/p>\n","protected":false},"author":5,"featured_media":16685,"comment_status":"closed","ping_status":"open","sticky":false,"template":"","format":"standard","meta":{"footnotes":""},"categories":[1127],"tags":[],"class_list":["post-16684","post","type-post","status-publish","format-standard","has-post-thumbnail","hentry","category-publico-pt"],"_links":{"self":[{"href":"https:\/\/bebartlet.com\/pt-pt\/wp-json\/wp\/v2\/posts\/16684","targetHints":{"allow":["GET"]}}],"collection":[{"href":"https:\/\/bebartlet.com\/pt-pt\/wp-json\/wp\/v2\/posts"}],"about":[{"href":"https:\/\/bebartlet.com\/pt-pt\/wp-json\/wp\/v2\/types\/post"}],"author":[{"embeddable":true,"href":"https:\/\/bebartlet.com\/pt-pt\/wp-json\/wp\/v2\/users\/5"}],"replies":[{"embeddable":true,"href":"https:\/\/bebartlet.com\/pt-pt\/wp-json\/wp\/v2\/comments?post=16684"}],"version-history":[{"count":0,"href":"https:\/\/bebartlet.com\/pt-pt\/wp-json\/wp\/v2\/posts\/16684\/revisions"}],"wp:featuredmedia":[{"embeddable":true,"href":"https:\/\/bebartlet.com\/pt-pt\/wp-json\/wp\/v2\/media\/16685"}],"wp:attachment":[{"href":"https:\/\/bebartlet.com\/pt-pt\/wp-json\/wp\/v2\/media?parent=16684"}],"wp:term":[{"taxonomy":"category","embeddable":true,"href":"https:\/\/bebartlet.com\/pt-pt\/wp-json\/wp\/v2\/categories?post=16684"},{"taxonomy":"post_tag","embeddable":true,"href":"https:\/\/bebartlet.com\/pt-pt\/wp-json\/wp\/v2\/tags?post=16684"}],"curies":[{"name":"wp","href":"https:\/\/api.w.org\/{rel}","templated":true}]}}