{"id":16690,"date":"2023-06-20T17:00:10","date_gmt":"2023-06-20T15:00:10","guid":{"rendered":"https:\/\/bebartlet.com\/diego-gago-director-bebartlet\/"},"modified":"2023-06-20T17:00:10","modified_gmt":"2023-06-20T15:00:10","slug":"diego-gago-director-bebartlet","status":"publish","type":"post","link":"https:\/\/bebartlet.com\/pt-pt\/diego-gago-director-bebartlet\/","title":{"rendered":"Diego Gago, nuevo director de beBartlet"},"content":{"rendered":"<p><b>Diego Gago,<\/b>\u00a0<b>nuevo director de beBartlet.<\/b><\/p>\n<p><span style=\"font-weight: 400;\">Gago es<strong> Licenciado en Derecho<\/strong>, especializado en el \u00e1mbito econ\u00f3mico y tributario, y en los \u00faltimos a\u00f1os ha sido <strong>diputado del Partido Popular en el Congreso<\/strong> de los Diputados y Portavoz de la Comisi\u00f3n de Transici\u00f3n ecol\u00f3gica. <strong>Un referente generacional<\/strong>.\u00a0<\/span><\/p>\n<p><span style=\"font-weight: 400;\"><b>Tras una d\u00e9cada de servicio p\u00fablico<\/b>, tambi\u00e9n como concejal del Ayuntamiento de Vigo o presidente de Nuevas Generaciones del PP, <b>se reincorpora al sector privado de la mano de beBartlet liderando la <\/b>nueva <b>Direcci\u00f3n de Estrategia pol\u00edtica<\/b> que se suma a los equipos ya consolidados de An\u00e1lisis e Impacto, Alianzas y Movilizaci\u00f3n o Transici\u00f3n ecol\u00f3gica.<br \/>\n<\/span><\/p>\n<p>Compartimos la filosof\u00eda de que <strong>tenemos una sociedad civil muy fuerte y unas empresas l\u00edderes que en un momento tan trascendental pueden y deben compartir lo mejor de s\u00ed mismas para hacer frente a las grandes transformaciones<\/strong>.<\/p>\n<p>As\u00ed lo ha contado en su perfil profesional:<\/p>\n<p><img fetchpriority=\"high\" decoding=\"async\" class=\"wp-image-7095 alignleft\" src=\"https:\/\/bebartlet.com\/wp-content\/uploads\/2023\/06\/Captura-de-Pantalla-2023-06-20-a-las-18.17.15.png\" alt=\"\" width=\"556\" height=\"744\" \/><\/p>\n<p><strong>\u00a1Bienvenido!<\/strong><\/p>\n","protected":false},"excerpt":{"rendered":"<p>Diego Gago,\u00a0nuevo director de beBartlet. Gago es Licenciado en Derecho, especializado en el \u00e1mbito econ\u00f3mico y tributario, y en los \u00faltimos a\u00f1os ha sido diputado del Partido Popular en el Congreso de los Diputados y Portavoz de la Comisi\u00f3n de Transici\u00f3n ecol\u00f3gica. Un referente generacional.\u00a0 Tras una d\u00e9cada de servicio p\u00fablico, tambi\u00e9n como concejal del [&hellip;]<\/p>\n","protected":false},"author":5,"featured_media":16692,"comment_status":"closed","ping_status":"open","sticky":false,"template":"","format":"standard","meta":{"footnotes":""},"categories":[1115],"tags":[1412,1342,1325,1157,1329,1156,1345,1260],"class_list":["post-16690","post","type-post","status-publish","format-standard","has-post-thumbnail","hentry","category-bebartlet-pt","tag-adrian-jofre","tag-alejandro-labanda","tag-alicia-ibarra","tag-bebartlet","tag-diego-gago","tag-incidencia-publica","tag-nacho-corredor","tag-ramon-mateo"],"_links":{"self":[{"href":"https:\/\/bebartlet.com\/pt-pt\/wp-json\/wp\/v2\/posts\/16690","targetHints":{"allow":["GET"]}}],"collection":[{"href":"https:\/\/bebartlet.com\/pt-pt\/wp-json\/wp\/v2\/posts"}],"about":[{"href":"https:\/\/bebartlet.com\/pt-pt\/wp-json\/wp\/v2\/types\/post"}],"author":[{"embeddable":true,"href":"https:\/\/bebartlet.com\/pt-pt\/wp-json\/wp\/v2\/users\/5"}],"replies":[{"embeddable":true,"href":"https:\/\/bebartlet.com\/pt-pt\/wp-json\/wp\/v2\/comments?post=16690"}],"version-history":[{"count":0,"href":"https:\/\/bebartlet.com\/pt-pt\/wp-json\/wp\/v2\/posts\/16690\/revisions"}],"wp:featuredmedia":[{"embeddable":true,"href":"https:\/\/bebartlet.com\/pt-pt\/wp-json\/wp\/v2\/media\/16692"}],"wp:attachment":[{"href":"https:\/\/bebartlet.com\/pt-pt\/wp-json\/wp\/v2\/media?parent=16690"}],"wp:term":[{"taxonomy":"category","embeddable":true,"href":"https:\/\/bebartlet.com\/pt-pt\/wp-json\/wp\/v2\/categories?post=16690"},{"taxonomy":"post_tag","embeddable":true,"href":"https:\/\/bebartlet.com\/pt-pt\/wp-json\/wp\/v2\/tags?post=16690"}],"curies":[{"name":"wp","href":"https:\/\/api.w.org\/{rel}","templated":true}]}}