{"id":16699,"date":"2023-06-12T20:27:26","date_gmt":"2023-06-12T18:27:26","guid":{"rendered":"https:\/\/bebartlet.com\/mision-ue-por-una-mayor-autonomia-industrial-y-energetica-en-la-union-europea\/"},"modified":"2023-06-12T20:27:26","modified_gmt":"2023-06-12T18:27:26","slug":"mision-ue-por-una-mayor-autonomia-industrial-y-energetica-en-la-union-europea","status":"publish","type":"post","link":"https:\/\/bebartlet.com\/pt-pt\/mision-ue-por-una-mayor-autonomia-industrial-y-energetica-en-la-union-europea\/","title":{"rendered":"Una apuesta por acelerar la autonom\u00eda industrial y energ\u00e9tica en la Uni\u00f3n Europea"},"content":{"rendered":"<p>Unas semanas antes del inicio de la presidencia espa\u00f1ola del Consejo de la Uni\u00f3n Europea, hemos lanzado la <strong>Misi\u00f3n Uni\u00f3n Europea junto a eurodiputados, parlamentarios nacionales y auton\u00f3micos, alcaldes y concejales<\/strong>, con la vocaci\u00f3n de compartir diagn\u00f3sticos y prioridades sobre los principales retos de la Uni\u00f3n Europea. Compartimos un resumen de nuestra primera sesi\u00f3n impulsada junto a la <strong>Embajada de Alemania en Espa\u00f1a<\/strong>. Entre las principales conclusiones destaca la necesidad de acelerar la autonom\u00eda industrial y energ\u00e9tica en la Uni\u00f3n Europea.<\/p>\n<p>&nbsp;<\/p>\n<p><iframe title=\"Por una mayor autonom\u00eda energ\u00e9tica e industrial en Europa\" width=\"500\" height=\"281\" src=\"https:\/\/www.youtube.com\/embed\/32eTpzOcFl0?start=3&#038;feature=oembed\" frameborder=\"0\" allow=\"accelerometer; autoplay; clipboard-write; encrypted-media; gyroscope; picture-in-picture; web-share\" referrerpolicy=\"strict-origin-when-cross-origin\" allowfullscreen><\/iframe><\/p>\n","protected":false},"excerpt":{"rendered":"<p>Unas semanas antes del inicio de la presidencia espa\u00f1ola del Consejo de la Uni\u00f3n Europea, hemos lanzado la Misi\u00f3n Uni\u00f3n Europea junto a eurodiputados, parlamentarios nacionales y auton\u00f3micos, alcaldes y concejales, con la vocaci\u00f3n de compartir diagn\u00f3sticos y prioridades sobre los principales retos de la Uni\u00f3n Europea. Compartimos un resumen de nuestra primera sesi\u00f3n impulsada [&hellip;]<\/p>\n","protected":false},"author":5,"featured_media":16700,"comment_status":"closed","ping_status":"open","sticky":false,"template":"","format":"standard","meta":{"footnotes":""},"categories":[1115,1131],"tags":[1412,1423,1424,1157,1425,1426,1392,1156,1427,1345,1256,1250,1428],"class_list":["post-16699","post","type-post","status-publish","format-standard","has-post-thumbnail","hentry","category-bebartlet-pt","category-missaobebartlet","tag-adrian-jofre","tag-alberto-oliver","tag-alicia-homs","tag-bebartlet","tag-eduardo-carazo","tag-embajada-de-alemania","tag-ignacio-dancausa","tag-incidencia-publica","tag-mas-madrid","tag-nacho-corredor","tag-pp","tag-psoe","tag-union-europea"],"_links":{"self":[{"href":"https:\/\/bebartlet.com\/pt-pt\/wp-json\/wp\/v2\/posts\/16699","targetHints":{"allow":["GET"]}}],"collection":[{"href":"https:\/\/bebartlet.com\/pt-pt\/wp-json\/wp\/v2\/posts"}],"about":[{"href":"https:\/\/bebartlet.com\/pt-pt\/wp-json\/wp\/v2\/types\/post"}],"author":[{"embeddable":true,"href":"https:\/\/bebartlet.com\/pt-pt\/wp-json\/wp\/v2\/users\/5"}],"replies":[{"embeddable":true,"href":"https:\/\/bebartlet.com\/pt-pt\/wp-json\/wp\/v2\/comments?post=16699"}],"version-history":[{"count":0,"href":"https:\/\/bebartlet.com\/pt-pt\/wp-json\/wp\/v2\/posts\/16699\/revisions"}],"wp:featuredmedia":[{"embeddable":true,"href":"https:\/\/bebartlet.com\/pt-pt\/wp-json\/wp\/v2\/media\/16700"}],"wp:attachment":[{"href":"https:\/\/bebartlet.com\/pt-pt\/wp-json\/wp\/v2\/media?parent=16699"}],"wp:term":[{"taxonomy":"category","embeddable":true,"href":"https:\/\/bebartlet.com\/pt-pt\/wp-json\/wp\/v2\/categories?post=16699"},{"taxonomy":"post_tag","embeddable":true,"href":"https:\/\/bebartlet.com\/pt-pt\/wp-json\/wp\/v2\/tags?post=16699"}],"curies":[{"name":"wp","href":"https:\/\/api.w.org\/{rel}","templated":true}]}}