{"id":16701,"date":"2023-06-05T20:40:40","date_gmt":"2023-06-05T18:40:40","guid":{"rendered":"https:\/\/bebartlet.com\/el-ministro-albares-participa-del-lanzamiento-de-nuestra-mision-latinoamerica\/"},"modified":"2023-06-05T20:40:40","modified_gmt":"2023-06-05T18:40:40","slug":"el-ministro-albares-participa-del-lanzamiento-de-nuestra-mision-latinoamerica","status":"publish","type":"post","link":"https:\/\/bebartlet.com\/pt-pt\/el-ministro-albares-participa-del-lanzamiento-de-nuestra-mision-latinoamerica\/","title":{"rendered":"El Ministro Albares participa del lanzamiento de nuestra Misi\u00f3n Latinoam\u00e9rica"},"content":{"rendered":"<p>Hemos impulsado el principal espacio para la transformaci\u00f3n entre Espa\u00f1a, Europa y Am\u00e9rica Latina a trav\u00e9s de nuestra <strong>Misi\u00f3n Latinoam\u00e9rica, con la participaci\u00f3n de directivos empresariales, pol\u00edticos y representantes de la sociedad civil latinoamericanos residentes en Madrid<\/strong>. El Ministro Jos\u00e9 Manuel Albares particip\u00f3 en nuestro lanzamiento.<\/p>\n<p>&nbsp;<\/p>\n<p><iframe title=\"Misi\u00f3n Latinoam\u00e9rica. Misi\u00f3n beBartlet.\" width=\"500\" height=\"281\" src=\"https:\/\/www.youtube.com\/embed\/otepsyQ-yL4?feature=oembed\" frameborder=\"0\" allow=\"accelerometer; autoplay; clipboard-write; encrypted-media; gyroscope; picture-in-picture; web-share\" referrerpolicy=\"strict-origin-when-cross-origin\" allowfullscreen><\/iframe><\/p>\n","protected":false},"excerpt":{"rendered":"<p>Hemos impulsado el principal espacio para la transformaci\u00f3n entre Espa\u00f1a, Europa y Am\u00e9rica Latina a trav\u00e9s de nuestra Misi\u00f3n Latinoam\u00e9rica, con la participaci\u00f3n de directivos empresariales, pol\u00edticos y representantes de la sociedad civil latinoamericanos residentes en Madrid. El Ministro Jos\u00e9 Manuel Albares particip\u00f3 en nuestro lanzamiento. &nbsp;<\/p>\n","protected":false},"author":9,"featured_media":16702,"comment_status":"closed","ping_status":"open","sticky":false,"template":"","format":"standard","meta":{"footnotes":""},"categories":[1115,1131],"tags":[1429,1430,1431],"class_list":["post-16701","post","type-post","status-publish","format-standard","has-post-thumbnail","hentry","category-bebartlet-pt","category-missaobebartlet","tag-albares","tag-jose-manuel-albares","tag-mision-latinoamerica"],"_links":{"self":[{"href":"https:\/\/bebartlet.com\/pt-pt\/wp-json\/wp\/v2\/posts\/16701","targetHints":{"allow":["GET"]}}],"collection":[{"href":"https:\/\/bebartlet.com\/pt-pt\/wp-json\/wp\/v2\/posts"}],"about":[{"href":"https:\/\/bebartlet.com\/pt-pt\/wp-json\/wp\/v2\/types\/post"}],"author":[{"embeddable":true,"href":"https:\/\/bebartlet.com\/pt-pt\/wp-json\/wp\/v2\/users\/9"}],"replies":[{"embeddable":true,"href":"https:\/\/bebartlet.com\/pt-pt\/wp-json\/wp\/v2\/comments?post=16701"}],"version-history":[{"count":0,"href":"https:\/\/bebartlet.com\/pt-pt\/wp-json\/wp\/v2\/posts\/16701\/revisions"}],"wp:featuredmedia":[{"embeddable":true,"href":"https:\/\/bebartlet.com\/pt-pt\/wp-json\/wp\/v2\/media\/16702"}],"wp:attachment":[{"href":"https:\/\/bebartlet.com\/pt-pt\/wp-json\/wp\/v2\/media?parent=16701"}],"wp:term":[{"taxonomy":"category","embeddable":true,"href":"https:\/\/bebartlet.com\/pt-pt\/wp-json\/wp\/v2\/categories?post=16701"},{"taxonomy":"post_tag","embeddable":true,"href":"https:\/\/bebartlet.com\/pt-pt\/wp-json\/wp\/v2\/tags?post=16701"}],"curies":[{"name":"wp","href":"https:\/\/api.w.org\/{rel}","templated":true}]}}