{"id":16713,"date":"2023-05-17T06:38:06","date_gmt":"2023-05-17T04:38:06","guid":{"rendered":"https:\/\/bebartlet.com\/7736\/"},"modified":"2023-05-17T06:38:06","modified_gmt":"2023-05-17T04:38:06","slug":"7736","status":"publish","type":"post","link":"https:\/\/bebartlet.com\/pt-pt\/7736\/","title":{"rendered":"La gesti\u00f3n p\u00fablica de la energ\u00eda se abre paso en varias regiones"},"content":{"rendered":"\t\t<div data-elementor-type=\"wp-post\" data-elementor-id=\"16713\" class=\"elementor elementor-16713 elementor-7736\" data-elementor-post-type=\"post\">\n\t\t\t\t\t\t<section class=\"elementor-section elementor-top-section elementor-element elementor-element-61633948 elementor-section-boxed elementor-section-height-default elementor-section-height-default\" data-id=\"61633948\" data-element_type=\"section\" data-e-type=\"section\">\n\t\t\t\t\t\t<div class=\"elementor-container elementor-column-gap-default\">\n\t\t\t\t\t<div class=\"aux-parallax-section elementor-column elementor-col-100 elementor-top-column elementor-element elementor-element-6c767e89\" data-id=\"6c767e89\" data-element_type=\"column\" data-e-type=\"column\">\n\t\t\t<div class=\"elementor-widget-wrap elementor-element-populated\">\n\t\t\t\t\t\t<div class=\"elementor-element elementor-element-564f96ed elementor-widget elementor-widget-text-editor\" data-id=\"564f96ed\" data-element_type=\"widget\" data-e-type=\"widget\" data-widget_type=\"text-editor.default\">\n\t\t\t\t<div class=\"elementor-widget-container\">\n\t\t\t\t\t\t\t\t\t<strong>Alejandro Labanda<\/strong>, director de<strong> Transici\u00f3n Ecol\u00f3gica<\/strong> de <strong>beBartlet<\/strong>, analiza en <strong>eldiario.es <\/strong>la aparici\u00f3n de proyectos de gesti\u00f3n p\u00fablica de la energ\u00eda renovable en <strong>Catalunya<\/strong>, <strong>Baleares<\/strong>, <strong>Galicia<\/strong> o <strong>Madrid<\/strong>. \u201cSe trata de <strong>contribuir desde lo p\u00fablico<\/strong> con parte de las <strong>soluciones<\/strong> que contribuyen al <strong>contrato social<\/strong> del desarrollo renovable\u201d.\t\t\t\t\t\t\t\t<\/div>\n\t\t\t\t<\/div>\n\t\t\t\t\t<\/div>\n\t\t<\/div>\n\t\t\t\t\t<\/div>\n\t\t<\/section>\n\t\t\t\t<section class=\"elementor-section elementor-top-section elementor-element elementor-element-666c230 elementor-section-boxed elementor-section-height-default elementor-section-height-default\" data-id=\"666c230\" data-element_type=\"section\" data-e-type=\"section\">\n\t\t\t\t\t\t<div class=\"elementor-container elementor-column-gap-default\">\n\t\t\t\t\t<div class=\"aux-parallax-section elementor-column elementor-col-100 elementor-top-column elementor-element elementor-element-5cd0c6b\" data-id=\"5cd0c6b\" data-element_type=\"column\" data-e-type=\"column\">\n\t\t\t<div class=\"elementor-widget-wrap elementor-element-populated\">\n\t\t\t\t\t\t<div class=\"elementor-element elementor-element-b37d364 elementor-widget elementor-widget-button\" data-id=\"b37d364\" data-element_type=\"widget\" data-e-type=\"widget\" data-widget_type=\"button.default\">\n\t\t\t\t<div class=\"elementor-widget-container\">\n\t\t\t\t\t\t\t\t\t<div class=\"elementor-button-wrapper\">\n\t\t\t\t\t<a class=\"elementor-button elementor-button-link elementor-size-sm\" href=\"https:\/\/www.eldiario.es\/economia\/gestion-publica-energia-abre-paso-regiones-rechazo-macroproyectos-renovables_1_10213317.html\" target=\"_blank\" rel=\"noopener\">\n\t\t\t\t\t\t<span class=\"elementor-button-content-wrapper\">\n\t\t\t\t\t\t\t\t\t<span class=\"elementor-button-text\">Ver noticia<\/span>\n\t\t\t\t\t<\/span>\n\t\t\t\t\t<\/a>\n\t\t\t\t<\/div>\n\t\t\t\t\t\t\t\t<\/div>\n\t\t\t\t<\/div>\n\t\t\t\t\t<\/div>\n\t\t<\/div>\n\t\t\t\t\t<\/div>\n\t\t<\/section>\n\t\t\t\t<\/div>\n\t\t","protected":false},"excerpt":{"rendered":"<p>Alejandro Labanda, director de Transici\u00f3n Ecol\u00f3gica de beBartlet, analiza en eldiario.es la aparici\u00f3n de proyectos de gesti\u00f3n p\u00fablica de la energ\u00eda renovable en Catalunya, Baleares, Galicia o Madrid. \u201cSe trata de contribuir desde lo p\u00fablico con parte de las soluciones que contribuyen al contrato social del desarrollo renovable\u201d. Ver noticia<\/p>\n","protected":false},"author":5,"featured_media":16714,"comment_status":"closed","ping_status":"open","sticky":false,"template":"","format":"standard","meta":{"footnotes":""},"categories":[1118],"tags":[],"class_list":["post-16713","post","type-post","status-publish","format-standard","has-post-thumbnail","hentry","category-eldiario-es-pt"],"_links":{"self":[{"href":"https:\/\/bebartlet.com\/pt-pt\/wp-json\/wp\/v2\/posts\/16713","targetHints":{"allow":["GET"]}}],"collection":[{"href":"https:\/\/bebartlet.com\/pt-pt\/wp-json\/wp\/v2\/posts"}],"about":[{"href":"https:\/\/bebartlet.com\/pt-pt\/wp-json\/wp\/v2\/types\/post"}],"author":[{"embeddable":true,"href":"https:\/\/bebartlet.com\/pt-pt\/wp-json\/wp\/v2\/users\/5"}],"replies":[{"embeddable":true,"href":"https:\/\/bebartlet.com\/pt-pt\/wp-json\/wp\/v2\/comments?post=16713"}],"version-history":[{"count":0,"href":"https:\/\/bebartlet.com\/pt-pt\/wp-json\/wp\/v2\/posts\/16713\/revisions"}],"wp:featuredmedia":[{"embeddable":true,"href":"https:\/\/bebartlet.com\/pt-pt\/wp-json\/wp\/v2\/media\/16714"}],"wp:attachment":[{"href":"https:\/\/bebartlet.com\/pt-pt\/wp-json\/wp\/v2\/media?parent=16713"}],"wp:term":[{"taxonomy":"category","embeddable":true,"href":"https:\/\/bebartlet.com\/pt-pt\/wp-json\/wp\/v2\/categories?post=16713"},{"taxonomy":"post_tag","embeddable":true,"href":"https:\/\/bebartlet.com\/pt-pt\/wp-json\/wp\/v2\/tags?post=16713"}],"curies":[{"name":"wp","href":"https:\/\/api.w.org\/{rel}","templated":true}]}}