{"id":16739,"date":"2023-03-17T15:12:42","date_gmt":"2023-03-17T14:12:42","guid":{"rendered":"https:\/\/bebartlet.com\/nuevo-espacio-para-repensar-la-transicion-ecologica\/"},"modified":"2023-03-17T15:12:42","modified_gmt":"2023-03-17T14:12:42","slug":"nuevo-espacio-para-repensar-la-transicion-ecologica","status":"publish","type":"post","link":"https:\/\/bebartlet.com\/pt-pt\/nuevo-espacio-para-repensar-la-transicion-ecologica\/","title":{"rendered":"Repensando la transici\u00f3n ecol\u00f3gica en un a\u00f1o clave"},"content":{"rendered":"<p><strong>beBartlet ha impulsado<\/strong>, con el apoyo de la European Climate Foundation, <strong>un nuevo espacio para la transformaci\u00f3n social<\/strong> participado por instituciones, empresas, academia y organizaciones sociales para <strong>repensar la transici\u00f3n ecol\u00f3gica<\/strong>. \u00bfC\u00f3mo acelerar los procesos y evitar el aumento de las brechas preexistentes? Sobre la base de esa y otras cuestiones durante el a\u00f1o 2023, beBartlet impulsa un nuevo <strong>espacio de innovaci\u00f3n en materia de pol\u00edticas p\u00fablicas<\/strong>.<\/p>\n<p>&nbsp;<\/p>\n<p><iframe title=\"Repensando la transici\u00f3n ecol\u00f3gica de la mano de beBartlet\" width=\"500\" height=\"281\" src=\"https:\/\/www.youtube.com\/embed\/io9ECZzGjJs?feature=oembed\" frameborder=\"0\" allow=\"accelerometer; autoplay; clipboard-write; encrypted-media; gyroscope; picture-in-picture; web-share\" referrerpolicy=\"strict-origin-when-cross-origin\" allowfullscreen><\/iframe><\/p>\n<p>&nbsp;<\/p>\n<p>&nbsp;<\/p>\n","protected":false},"excerpt":{"rendered":"<p>beBartlet ha impulsado, con el apoyo de la European Climate Foundation, un nuevo espacio para la transformaci\u00f3n social participado por instituciones, empresas, academia y organizaciones sociales para repensar la transici\u00f3n ecol\u00f3gica. \u00bfC\u00f3mo acelerar los procesos y evitar el aumento de las brechas preexistentes? Sobre la base de esa y otras cuestiones durante el a\u00f1o 2023, [&hellip;]<\/p>\n","protected":false},"author":5,"featured_media":16740,"comment_status":"closed","ping_status":"open","sticky":false,"template":"","format":"standard","meta":{"footnotes":""},"categories":[1115,1131],"tags":[1440,1387,1157,1441,1156,1442,1443,1444,1345],"class_list":["post-16739","post","type-post","status-publish","format-standard","has-post-thumbnail","hentry","category-bebartlet-pt","category-missaobebartlet","tag-alex-dorado","tag-bea-fanjul","tag-bebartlet","tag-diego-loras","tag-incidencia-publica","tag-innovacion-en-politicas-publicas","tag-innovacion-social","tag-janet-sanz","tag-nacho-corredor"],"_links":{"self":[{"href":"https:\/\/bebartlet.com\/pt-pt\/wp-json\/wp\/v2\/posts\/16739","targetHints":{"allow":["GET"]}}],"collection":[{"href":"https:\/\/bebartlet.com\/pt-pt\/wp-json\/wp\/v2\/posts"}],"about":[{"href":"https:\/\/bebartlet.com\/pt-pt\/wp-json\/wp\/v2\/types\/post"}],"author":[{"embeddable":true,"href":"https:\/\/bebartlet.com\/pt-pt\/wp-json\/wp\/v2\/users\/5"}],"replies":[{"embeddable":true,"href":"https:\/\/bebartlet.com\/pt-pt\/wp-json\/wp\/v2\/comments?post=16739"}],"version-history":[{"count":0,"href":"https:\/\/bebartlet.com\/pt-pt\/wp-json\/wp\/v2\/posts\/16739\/revisions"}],"wp:featuredmedia":[{"embeddable":true,"href":"https:\/\/bebartlet.com\/pt-pt\/wp-json\/wp\/v2\/media\/16740"}],"wp:attachment":[{"href":"https:\/\/bebartlet.com\/pt-pt\/wp-json\/wp\/v2\/media?parent=16739"}],"wp:term":[{"taxonomy":"category","embeddable":true,"href":"https:\/\/bebartlet.com\/pt-pt\/wp-json\/wp\/v2\/categories?post=16739"},{"taxonomy":"post_tag","embeddable":true,"href":"https:\/\/bebartlet.com\/pt-pt\/wp-json\/wp\/v2\/tags?post=16739"}],"curies":[{"name":"wp","href":"https:\/\/api.w.org\/{rel}","templated":true}]}}