{"id":16747,"date":"2023-01-13T22:44:43","date_gmt":"2023-01-13T21:44:43","guid":{"rendered":"https:\/\/bebartlet.com\/empezamos-el-ano-con-nuevas-incorporaciones\/"},"modified":"2023-01-13T22:44:43","modified_gmt":"2023-01-13T21:44:43","slug":"empezamos-el-ano-con-nuevas-incorporaciones","status":"publish","type":"post","link":"https:\/\/bebartlet.com\/pt-pt\/empezamos-el-ano-con-nuevas-incorporaciones\/","title":{"rendered":"\u00a1Seguimos ampliando el equipo con nuevas incorporaciones en beBartlet!"},"content":{"rendered":"<p>\u00a1Seguimos ampliando el equipo con nuevas incorporaciones! Empezamos el a\u00f1o creciendo para seguir apoyando a nuestros clientes, impulsando m\u00e1s proyectos transformadores y generando espacios y comunidades de innovaci\u00f3n para el desarrollo de las pol\u00edticas p\u00fablicas con m\u00e1s talento en el gabinete.<\/p>\n<p>\ud83d\ude0d <a href=\"https:\/\/www.linkedin.com\/in\/ACoAABpzc_8Bh3fcpRm0E6k4P0vAlpotAMk7jMM\" data-attribute-index=\"0\" data-entity-hovercard-id=\"urn:li:fs_miniProfile:ACoAABpzc_8Bh3fcpRm0E6k4P0vAlpotAMk7jMM\" data-entity-type=\"MINI_PROFILE\" target=\"_blank\" rel=\"noopener\">Alberto P\u00e9rez Mesa<\/a> (consultor de la direcci\u00f3n de Alianzas y Movilizaci\u00f3n social) se incorpora tras su paso como asesor del gabinete del Alcalde de Algeciras y director de comunicaci\u00f3n del \u00e1rea de Fondos europeos hasta el a\u00f1o pasado.<\/p>\n<p>\ud83d\ude0e <a href=\"https:\/\/www.linkedin.com\/in\/ACoAACnh2l4BMFiWGXBY05IzsZCA3CqD2ijaGhA\" data-attribute-index=\"2\" data-entity-hovercard-id=\"urn:li:fs_miniProfile:ACoAACnh2l4BMFiWGXBY05IzsZCA3CqD2ijaGhA\" data-entity-type=\"MINI_PROFILE\" target=\"_blank\" rel=\"noopener\">Laura Rodr\u00edguez Garc\u00eda<\/a> (consultora de la direcci\u00f3n de An\u00e1lisis e Impacto regulatorio) Soci\u00f3loga y especialista en RSC y ESG, se suma tras una amplia trayectoria como consultora de sostenibilidad.<\/p>\n<p>\ud83d\udc69\u200d\ud83d\udd2c <a href=\"https:\/\/www.linkedin.com\/in\/ACoAABUXdXkBnu1SvZC1_aieGZYlm_kaZg9ZYfA\" data-attribute-index=\"4\" data-entity-hovercard-id=\"urn:li:fs_miniProfile:ACoAABUXdXkBnu1SvZC1_aieGZYlm_kaZg9ZYfA\" data-entity-type=\"MINI_PROFILE\" target=\"_blank\" rel=\"noopener\">Clara Isabel Barrio Lema<\/a> (coordinadora en beBartlet).\u00a0 Especialista en desarrollo, innovaci\u00f3n e investigaci\u00f3n social aplicada, se incorpora tras a\u00f1os de investigadora en la Universidad Pontificia Comillas ICADE-ICAI.<\/p>\n<p>\ud83d\udc69\u200d\ud83d\udcbc <a href=\"https:\/\/www.linkedin.com\/in\/ACoAADoD2I4B1s9extuE5XjNptds2z6re43m8pA\" data-attribute-index=\"6\" data-entity-hovercard-id=\"urn:li:fs_miniProfile:ACoAADoD2I4B1s9extuE5XjNptds2z6re43m8pA\" data-entity-type=\"MINI_PROFILE\" target=\"_blank\" rel=\"noopener\">Almudena Rodr\u00edguez<\/a> (responsable de administraci\u00f3n de beBartlet) se suma al equipo tras m\u00e1s de una d\u00e9cada de experiencia en compa\u00f1\u00edas como Accenture.<\/p>\n<p>Adem\u00e1s, sumamos a nuestro programa de formaci\u00f3n de talento emergente en pr\u00e1cticas para los pr\u00f3ximos meses a los estudiantes Andr\u00e9s M.(Derecho y Ciencias Pol\u00edticas en la Universidad Carlos III),\u00a0 <a href=\"https:\/\/www.linkedin.com\/in\/ACoAACxLjAcBHHJ4ACXcDpfAnFFJAwh9xjCsj3o\" data-attribute-index=\"8\" data-entity-hovercard-id=\"urn:li:fs_miniProfile:ACoAACxLjAcBHHJ4ACXcDpfAnFFJAwh9xjCsj3o\" data-entity-type=\"MINI_PROFILE\" target=\"_blank\" rel=\"noopener\">\u00c1ngela Cano Lloret<\/a>(Relaciones Internacionales en el IE y ADE en Science Po Paris) y <a href=\"https:\/\/www.linkedin.com\/in\/ACoAACGwpg0BzvqLkUWzkYD-BGcKt2T0gJM4ROM\" data-attribute-index=\"10\" data-entity-hovercard-id=\"urn:li:fs_miniProfile:ACoAACGwpg0BzvqLkUWzkYD-BGcKt2T0gJM4ROM\" data-entity-type=\"MINI_PROFILE\" target=\"_blank\" rel=\"noopener\">Juan Gonz\u00e1lez-Ripoll Cereijo<\/a> (M\u00e1ster de Derecho ISDE Law Business School).<\/p>\n<p>\u00a1Bienvenid@s a beBartlet! \ud83d\ude4c<\/p>\n","protected":false},"excerpt":{"rendered":"<p>\u00a1Seguimos ampliando el equipo con nuevas incorporaciones! Empezamos el a\u00f1o creciendo para seguir apoyando a nuestros clientes, impulsando m\u00e1s proyectos transformadores y generando espacios y comunidades de innovaci\u00f3n para el desarrollo de las pol\u00edticas p\u00fablicas con m\u00e1s talento en el gabinete.<\/p>\n","protected":false},"author":5,"featured_media":16748,"comment_status":"closed","ping_status":"open","sticky":false,"template":"","format":"standard","meta":{"footnotes":""},"categories":[1115],"tags":[],"class_list":["post-16747","post","type-post","status-publish","format-standard","has-post-thumbnail","hentry","category-bebartlet-pt"],"_links":{"self":[{"href":"https:\/\/bebartlet.com\/pt-pt\/wp-json\/wp\/v2\/posts\/16747","targetHints":{"allow":["GET"]}}],"collection":[{"href":"https:\/\/bebartlet.com\/pt-pt\/wp-json\/wp\/v2\/posts"}],"about":[{"href":"https:\/\/bebartlet.com\/pt-pt\/wp-json\/wp\/v2\/types\/post"}],"author":[{"embeddable":true,"href":"https:\/\/bebartlet.com\/pt-pt\/wp-json\/wp\/v2\/users\/5"}],"replies":[{"embeddable":true,"href":"https:\/\/bebartlet.com\/pt-pt\/wp-json\/wp\/v2\/comments?post=16747"}],"version-history":[{"count":0,"href":"https:\/\/bebartlet.com\/pt-pt\/wp-json\/wp\/v2\/posts\/16747\/revisions"}],"wp:featuredmedia":[{"embeddable":true,"href":"https:\/\/bebartlet.com\/pt-pt\/wp-json\/wp\/v2\/media\/16748"}],"wp:attachment":[{"href":"https:\/\/bebartlet.com\/pt-pt\/wp-json\/wp\/v2\/media?parent=16747"}],"wp:term":[{"taxonomy":"category","embeddable":true,"href":"https:\/\/bebartlet.com\/pt-pt\/wp-json\/wp\/v2\/categories?post=16747"},{"taxonomy":"post_tag","embeddable":true,"href":"https:\/\/bebartlet.com\/pt-pt\/wp-json\/wp\/v2\/tags?post=16747"}],"curies":[{"name":"wp","href":"https:\/\/api.w.org\/{rel}","templated":true}]}}