{"id":16763,"date":"2022-07-20T10:30:25","date_gmt":"2022-07-20T08:30:25","guid":{"rendered":"https:\/\/bebartlet.com\/como-irian-las-cosas-si-quienes-pensamos-diferente-buscaramos-soluciones-a-largo-plazo\/"},"modified":"2022-07-20T10:30:25","modified_gmt":"2022-07-20T08:30:25","slug":"como-irian-las-cosas-si-quienes-pensamos-diferente-buscaramos-soluciones-a-largo-plazo","status":"publish","type":"post","link":"https:\/\/bebartlet.com\/pt-pt\/como-irian-las-cosas-si-quienes-pensamos-diferente-buscaramos-soluciones-a-largo-plazo\/","title":{"rendered":"\u00bfC\u00f3mo ir\u00edan las cosas si quienes pensamos diferente busc\u00e1ramos soluciones a largo plazo?"},"content":{"rendered":"\t\t<div data-elementor-type=\"wp-post\" data-elementor-id=\"16763\" class=\"elementor elementor-16763 elementor-254\" data-elementor-post-type=\"post\">\n\t\t\t\t\t\t<section class=\"elementor-section elementor-top-section elementor-element elementor-element-1d3e1fc elementor-section-boxed elementor-section-height-default elementor-section-height-default\" data-id=\"1d3e1fc\" data-element_type=\"section\" data-e-type=\"section\">\n\t\t\t\t\t\t<div class=\"elementor-container elementor-column-gap-default\">\n\t\t\t\t\t<div class=\"aux-parallax-section elementor-column elementor-col-100 elementor-top-column elementor-element elementor-element-e14f3bb\" data-id=\"e14f3bb\" data-element_type=\"column\" data-e-type=\"column\">\n\t\t\t<div class=\"elementor-widget-wrap elementor-element-populated\">\n\t\t\t\t\t\t<div class=\"elementor-element elementor-element-6adce66 elementor-widget elementor-widget-text-editor\" data-id=\"6adce66\" data-element_type=\"widget\" data-e-type=\"widget\" data-widget_type=\"text-editor.default\">\n\t\t\t\t<div class=\"elementor-widget-container\">\n\t\t\t\t\t\t\t\t\t<p>En\u00a0<a href=\"http:\/\/www.nuevosliderazgos.es\/\" target=\"_blank\" rel=\"noopener\"><strong>#NuevosLiderazgosbB<\/strong><\/a>\u00a0creemos que todo ir\u00eda mucho mejor\u2026 \u00a1Y por eso lo practicamos! Seguimos consolidando el<strong>\u00a0<\/strong><a href=\"http:\/\/www.nuevosliderazgos.es\/\" target=\"_blank\" rel=\"noopener\"><strong>Observatorio de Nuevos Liderazgos<\/strong><\/a><strong>\u00a0<\/strong>de\u00a0<a href=\"https:\/\/bebartlet.com\/\"><strong>beBartlet<\/strong><\/a>\u00a0como<strong>\u00a0espacio de referencia generacional<\/strong>, impulsando\u00a0<strong>los debates que nos interpelan<\/strong>, promoviendo un\u00a0<strong>di\u00e1logo plural<\/strong>, generando espacios de\u00a0<strong>socializaci\u00f3n y reflexi\u00f3n<\/strong>, intercambiando\u00a0<strong>propuestas desde la transversalidad\u00a0<\/strong>y buscando\u00a0<strong>soluciones a largo plazo<\/strong>.<\/p><p>Hace unos d\u00edas acabamos el curso impulsando\u00a0<strong>una nueva sesi\u00f3n<\/strong>\u00a0\u201c<strong>Repensando la sanidad<\/strong>\u201d de la mano de\u00a0<a href=\"https:\/\/www.noticiasdenavarra.com\/actualidad\/2021\/10\/31\/motivacion-investigacion-utilidad-social-resolver-2112605.html\" target=\"_blank\" rel=\"noopener\"><strong>Unai Oyon<\/strong><\/a>\u00a0(investigador de la Paris School of Economics)\u00a0y junto a un grupo plural y diverso de<strong>\u00a0l\u00edderes emergentes\u00a0<\/strong>de\u00a0<strong>varios partidos\u00a0<\/strong>o\u00a0<strong>Comunidades Aut\u00f3nomas<\/strong>, tanto del\u00a0<strong>\u00e1mbito gubernamental y parlamentario<\/strong>, como de la\u00a0<strong>academia o del sector privado<\/strong>. A trav\u00e9s de diferentes\u00a0<strong>grupos de trabajo y reflexi\u00f3n<\/strong>, generamos un debate en nuestra \u00faltima sesi\u00f3n<strong>\u00a0sobre la sostenibilidad de nuestro sistema de salud<\/strong>. La\u00a0<strong>esperanza de nuestra vida aumenta y nuestra calidad de vida debe mejorar<\/strong>. Para ello es fundamental un\u00a0<strong>sistema sanitario basado en la prevenci\u00f3n<\/strong>\u00a0y el\u00a0<strong>seguimiento desde una atenci\u00f3n primaria reforzada<\/strong>. Nuestro modelo debe seguir evolucionando.<\/p><p>Aqu\u00ed te lo explican en primera persona\u00a0<strong>Saray Noguer<\/strong>\u00a0(jefa de Gabinete del Consejero del Gobierno de Arag\u00f3n),\u00a0<strong>Elisa Vigil<\/strong>\u00a0(Portavoz del Partido Popular en la Comisi\u00f3n de Juventud de la Asamblea de Madrid) o\u00a0<strong>Vanesa Lillo\u00a0<\/strong>(Portavoz de Unidas Podemos en la Comisi\u00f3n de Sanidad de la Asamblea de Madrid) que junto a\u00a0<strong>Berna Le\u00f3n\u00a0<\/strong>(director de Future Policy Lab) o\u00a0<strong>Carlos Parry<\/strong>\u00a0(director de la Fundaci\u00f3n AstraZeneca) fueron algunos de los protagonistas de nuestra \u00faltima jornada:<\/p>\t\t\t\t\t\t\t\t<\/div>\n\t\t\t\t<\/div>\n\t\t\t\t<div class=\"elementor-element elementor-element-c3ada8b elementor-widget elementor-widget-video\" data-id=\"c3ada8b\" data-element_type=\"widget\" data-e-type=\"widget\" data-settings=\"{&quot;youtube_url&quot;:&quot;https:\\\/\\\/youtu.be\\\/kg_T9WRuirU&quot;,&quot;video_type&quot;:&quot;youtube&quot;,&quot;controls&quot;:&quot;yes&quot;}\" data-widget_type=\"video.default\">\n\t\t\t\t<div class=\"elementor-widget-container\">\n\t\t\t\t\t\t\t<div class=\"elementor-wrapper elementor-open-inline\">\n\t\t\t<div class=\"elementor-video\"><\/div>\t\t<\/div>\n\t\t\t\t\t\t<\/div>\n\t\t\t\t<\/div>\n\t\t\t\t\t<\/div>\n\t\t<\/div>\n\t\t\t\t\t<\/div>\n\t\t<\/section>\n\t\t\t\t<\/div>\n\t\t","protected":false},"excerpt":{"rendered":"<p>Hace unos d\u00edas acabamos el curso impulsando una nueva sesi\u00f3n \u201cRepensando la sanidad\u201d de la mano de Unai Oyon y junto a un grupo plural y diverso de l\u00edderes emergentes de varios partidos o Comunidades Aut\u00f3nomas, tanto del \u00e1mbito gubernamental y parlamentario, como de la academia o del sector privado.<\/p>\n","protected":false},"author":9,"featured_media":16764,"comment_status":"closed","ping_status":"open","sticky":false,"template":"","format":"standard","meta":{"footnotes":""},"categories":[1131,1115],"tags":[],"class_list":["post-16763","post","type-post","status-publish","format-standard","has-post-thumbnail","hentry","category-missaobebartlet","category-bebartlet-pt"],"_links":{"self":[{"href":"https:\/\/bebartlet.com\/pt-pt\/wp-json\/wp\/v2\/posts\/16763","targetHints":{"allow":["GET"]}}],"collection":[{"href":"https:\/\/bebartlet.com\/pt-pt\/wp-json\/wp\/v2\/posts"}],"about":[{"href":"https:\/\/bebartlet.com\/pt-pt\/wp-json\/wp\/v2\/types\/post"}],"author":[{"embeddable":true,"href":"https:\/\/bebartlet.com\/pt-pt\/wp-json\/wp\/v2\/users\/9"}],"replies":[{"embeddable":true,"href":"https:\/\/bebartlet.com\/pt-pt\/wp-json\/wp\/v2\/comments?post=16763"}],"version-history":[{"count":0,"href":"https:\/\/bebartlet.com\/pt-pt\/wp-json\/wp\/v2\/posts\/16763\/revisions"}],"wp:featuredmedia":[{"embeddable":true,"href":"https:\/\/bebartlet.com\/pt-pt\/wp-json\/wp\/v2\/media\/16764"}],"wp:attachment":[{"href":"https:\/\/bebartlet.com\/pt-pt\/wp-json\/wp\/v2\/media?parent=16763"}],"wp:term":[{"taxonomy":"category","embeddable":true,"href":"https:\/\/bebartlet.com\/pt-pt\/wp-json\/wp\/v2\/categories?post=16763"},{"taxonomy":"post_tag","embeddable":true,"href":"https:\/\/bebartlet.com\/pt-pt\/wp-json\/wp\/v2\/tags?post=16763"}],"curies":[{"name":"wp","href":"https:\/\/api.w.org\/{rel}","templated":true}]}}