{"id":16766,"date":"2022-07-11T10:33:22","date_gmt":"2022-07-11T10:33:22","guid":{"rendered":"https:\/\/bebartlet.com\/bebartlet-incorpora-a-carina-mejias-como-nueva-experta-de-su-circulo-de-asesores\/"},"modified":"2022-07-11T10:33:22","modified_gmt":"2022-07-11T10:33:22","slug":"bebartlet-incorpora-a-carina-mejias-como-nueva-experta-de-su-circulo-de-asesores","status":"publish","type":"post","link":"https:\/\/bebartlet.com\/pt-pt\/bebartlet-incorpora-a-carina-mejias-como-nueva-experta-de-su-circulo-de-asesores\/","title":{"rendered":"beBartlet incorpora a Carina Mej\u00edas como nueva experta de su C\u00edrculo de Asesores"},"content":{"rendered":"\t\t<div data-elementor-type=\"wp-post\" data-elementor-id=\"16766\" class=\"elementor elementor-16766 elementor-261\" data-elementor-post-type=\"post\">\n\t\t\t\t\t\t<section class=\"elementor-section elementor-top-section elementor-element elementor-element-1d3e1fc elementor-section-boxed elementor-section-height-default elementor-section-height-default\" data-id=\"1d3e1fc\" data-element_type=\"section\" data-e-type=\"section\">\n\t\t\t\t\t\t<div class=\"elementor-container elementor-column-gap-default\">\n\t\t\t\t\t<div class=\"aux-parallax-section elementor-column elementor-col-100 elementor-top-column elementor-element elementor-element-e14f3bb\" data-id=\"e14f3bb\" data-element_type=\"column\" data-e-type=\"column\">\n\t\t\t<div class=\"elementor-widget-wrap elementor-element-populated\">\n\t\t\t\t\t\t<div class=\"elementor-element elementor-element-6adce66 elementor-widget elementor-widget-text-editor\" data-id=\"6adce66\" data-element_type=\"widget\" data-e-type=\"widget\" data-widget_type=\"text-editor.default\">\n\t\t\t\t<div class=\"elementor-widget-container\">\n\t\t\t\t\t\t\t\t\t<p><a href=\"http:\/\/www.twitter.com\/CarinaMejias\" target=\"_blank\" rel=\"noopener\"><strong>Carina Mej\u00edas<\/strong><\/a><strong>\u00a0se incorpora al C\u00edrculo de Asesores de beBartlet<\/strong>\u00a0tras m\u00e1s de treinta a\u00f1os de experiencia en las instituciones, con responsabilidades en el \u00e1mbito del turismo o en el \u00e1mbito del derecho como procuradora de los tribunales. Ha sido\u00a0<strong>portavoz del Partido Popular y de Ciudadanos en el Parlamento catal\u00e1n<\/strong>, as\u00ed como concejal en el\u00a0<strong>Ayuntamiento de Barcelona<\/strong>\u00a0o\u00a0<strong>diputada en el Congreso de los Diputados<\/strong>. En esta conversaci\u00f3n\u00a0<strong>aprendemos con ella<\/strong>\u00a0a partir de sus experiencias durante todo este tiempo: \u201c<strong>Si mejoramos nuestra convivencia, ser\u00e1 m\u00e1s f\u00e1cil llegar a acuerdos<\/strong>\u201d.\u00a0<\/p><p><strong>\u00bfQu\u00e9 aprendizajes destacas de tu paso por las instituciones?<\/strong><\/p><p>Ser miembro de una instituci\u00f3n por elecci\u00f3n democr\u00e1tica es un honor, pero tambi\u00e9n un proceso de aprendizaje constante. Lo m\u00e1s importante que aprend\u00ed fue que la democracia es algo muy valioso que debemos cuidar porque no la tenemos garantizada, que recibe constantes amenazas y que debemos defenderla siempre. Tambi\u00e9n aprend\u00ed que hay que defender tus valores y no renunciar a tus convicciones, pero hay que desprenderse de tus prejuicios para entender las razones del otro.\u00a0<\/p><p><strong>\u00a1Que cunda el ejemplo!<\/strong><\/p><p>Para alguien liberal como yo, hay que tener presente cuando Mario Vargas Llosa dec\u00eda que \u201clos liberales somos los \u00fanicos que tenemos la certeza de que podemos estar equivocados y que hay otros que pueden tener raz\u00f3n\u201d. Una premisa que te hace tolerante y te aleja de la radicalidad. Adem\u00e1s, la pol\u00edtica me dio la oportunidad de conocer tanto a las m\u00e1s altas instituciones, como a las personas m\u00e1s comprometidas en causas sociales, que son un ejemplo de humildad, esfuerzo y tes\u00f3n. Seres excepcionales de los que he aprendido mucho, para la pol\u00edtica y\u2026 \u00a1para la vida!<\/p><p><strong>\u00bfC\u00f3mo es la pol\u00edtica auton\u00f3mica?\u00a0<\/strong><\/p><p>La vida parlamentaria e institucional requiere de mucho trabajo, horas de estudio o intensas negociaciones\u2026 Es un trabajo discreto.\u00a0 Por eso, a veces, se tiende a pensar que no es muy productiva\u2026 Pero, nada m\u00e1s lejos de la realidad. De la pol\u00edtica auton\u00f3mica aprend\u00ed la complejidad de los procesos legislativos, la necesidad de conocer bien los sectores sobre los que se aprueban normas o la importancia de trabajar sobre grandes acuerdos para que las iniciativas sean \u00fatiles y contribuyan\u00a0a modernizar y actualizar sectores econ\u00f3micos.\u00a0<\/p><p><strong>\u00bfY la pol\u00edtica municipal?<\/strong><\/p><p>La pol\u00edtica local es muy diferente. Tiene un nivel estrat\u00e9gico que permite dise\u00f1ar nuevos modelos de gesti\u00f3n urbana que no siempre son f\u00e1ciles de implementar y sobre los que, a veces, hay que hacer mucha pedagog\u00eda, pero tambi\u00e9n es un un espacio que supone estar en contacto permanente con los ciudadanos y estar a su servicio para ofrecerles respuestas m\u00e1s r\u00e1pidas y efectivas en la resoluci\u00f3n de problemas muy concretos.\u00a0<\/p><p><strong>Tambi\u00e9n conociste de cerca c\u00f3mo es la vida del Congreso de los Diputados\u2026\u00a0<\/strong><\/p><p>La pol\u00edtica nacional es el \u00e1mbito que conozco menos, pero es donde se producen los grandes debates y donde surgen las iniciativas que impulsan los\u00a0 cambios estrat\u00e9gicos de las pol\u00edticas p\u00fablicas, los modelos de gesti\u00f3n o los cambios institucionales. Escuchar\u00a0y participar de los debates en el Congreso como diputada fue adem\u00e1s de un honor, \u00a1apasionante!<\/p><p><strong>Viviste en primera persona el surgimiento de la \u201cnueva pol\u00edtica\u201d al final de la anterior d\u00e9cada.\u00a0<\/strong><\/p><p>Ciudadanos hizo un discurso sincero, denunci\u00f3 los abusos y los privilegios sin complejos y ofreci\u00f3 una alternativa pol\u00edtica que recuper\u00f3 la ilusi\u00f3n de muchos catalanes en un contexto de corrupci\u00f3n generalizada. Eso tuvo mucho m\u00e9rito\u2026 Lo hizo con valent\u00eda sabiendo que se expon\u00eda al rechazo y al se\u00f1alamiento de sus l\u00edderes. Esa valent\u00eda obtuvo un gran apoyo,\u00a0 respeto y reconocimiento social en Catalu\u00f1a y en el resto de Espa\u00f1a y nos llev\u00f3 al triunfo electoral. El salto a la pol\u00edtica nacional fue pr\u00e1cticamente por las mismas causas:\u00a0 la decepci\u00f3n de los grandes partidos, la ausencia de liderazgo y una notable abstenci\u00f3n, la necesidad para muchos de una alternativa pol\u00edtica\u2026 Fue un proceso parecido al que se di\u00f3 en una parte de la izquierda con Podemos tras el 15M.<\/p><p><strong>\u00bfQu\u00e9 aporta un perfil como el tuyo en un momento como este?<\/strong><\/p><p>Serenidad en un mundo tan cambiante y acelerado, adem\u00e1s de experiencia, capacidad anal\u00edtica y visi\u00f3n estrat\u00e9gica. Mis a\u00f1os en pol\u00edtica me han proporcionado grandes experiencias que ahora, con la perspectiva del tiempo, me permiten hacer un diagn\u00f3stico racional de nuestro entorno y tener cierta visi\u00f3n estrat\u00e9gica de la pol\u00edtica y de cu\u00e1les pueden ser las pol\u00edticas p\u00fablicas m\u00e1s o menos aceptadas en un momento u otro.\u00a0<\/p><p><strong>\u00bfQu\u00e9 deben aprender las empresas de las instituciones?<\/strong><\/p><p>La colaboraci\u00f3n entre las instituciones y el sector privado es esencial para desarrollar el futuro de un pa\u00eds\u2026 Sin embargo, para que se me entienda bien, antes me gustar\u00eda compartir mi visi\u00f3n: los Gobiernos no crean empleo, favorecen las condiciones para que las empresas lo creen; el Gobierno o las instituciones no producen o\u00a0 innovan, son las empresas las que lo hacen en condiciones propicias; el Gobierno no investiga, son las empresas las que en colaboraci\u00f3n con las universidades y centros de investigaci\u00f3n lo hacen\u2026 Por eso, en mi opini\u00f3n, corresponde a las instituciones crear las condiciones, los marcos jur\u00eddicos estables y la fiscalidad adecuada, para que esas circunstancias se produzcan y con ellas el progreso y la prosperidad del pa\u00eds. Hay algo que tambi\u00e9n deben aprender algunas empresas y sus responsables: muchos deber\u00edan olvidarse de la presi\u00f3n pol\u00edtica para obtener privilegios.<\/p><p><strong>\u00bfY qu\u00e9 se puede hacer mejor desde las instituciones?<\/strong><\/p><p>Las instituciones deben acabar con la sobreregulaci\u00f3n, no hay que legislarlo todo y reformar permanentemente lo que ya est\u00e1 regulado. Eso solo provoca incertidumbre e inseguridad jur\u00eddica. La administraci\u00f3n debe proponer marcos estables de regulaci\u00f3n. Y otra de las grandes reivindicaciones es la simplificaci\u00f3n de procesos y acabar con una burocracia desmedida que lastra la actividad empresarial.<\/p><p><strong>\u00bfCu\u00e1les crees que son los principales retos para las pr\u00f3ximas d\u00e9cadas?<\/strong><\/p><p>Debemos hacer un gran esfuerzo para mejorar la convivencia. Desde esa perspectiva, los acuerdos y los avances resultan siempre m\u00e1s f\u00e1ciles. Pero en t\u00e9rminos sociales y econ\u00f3micos creo que uno de los grandes retos en Espa\u00f1a es favorecer el empleo juvenil, su acceso a la vivienda, as\u00ed como todo lo relativo a nuestro clima. Un pa\u00eds no puede permitirse decepcionar a sus j\u00f3venes y debe\u00a0ofrecer oportunidades de futuro a una nueva generaci\u00f3n. C\u00f3mo afrontemos los retos clim\u00e1ticos va a ser tambi\u00e9n determinante para el futuro de nuestros agricultores, los municipios de la Espa\u00f1a vaciada que necesita alternativas sostenibles para sobrevivir y las energ\u00edas alternativas que hoy se han situado en el centro del debate pol\u00edtico.\u00a0<\/p><p><strong>\u00a1Bienvenida!<\/strong><\/p>\t\t\t\t\t\t\t\t<\/div>\n\t\t\t\t<\/div>\n\t\t\t\t\t<\/div>\n\t\t<\/div>\n\t\t\t\t\t<\/div>\n\t\t<\/section>\n\t\t\t\t<\/div>\n\t\t","protected":false},"excerpt":{"rendered":"<p>Carina Mej\u00edas se incorpora al C\u00edrculo de Asesores de beBartlet tras m\u00e1s de treinta a\u00f1os de experiencia en las instituciones, con responsabilidades en el \u00e1mbito del turismo o en el \u00e1mbito del derecho como procuradora de los tribunales.<\/p>\n","protected":false},"author":9,"featured_media":15965,"comment_status":"closed","ping_status":"open","sticky":false,"template":"","format":"standard","meta":{"footnotes":""},"categories":[1115],"tags":[],"class_list":["post-16766","post","type-post","status-publish","format-standard","has-post-thumbnail","hentry","category-bebartlet-pt"],"_links":{"self":[{"href":"https:\/\/bebartlet.com\/pt-pt\/wp-json\/wp\/v2\/posts\/16766","targetHints":{"allow":["GET"]}}],"collection":[{"href":"https:\/\/bebartlet.com\/pt-pt\/wp-json\/wp\/v2\/posts"}],"about":[{"href":"https:\/\/bebartlet.com\/pt-pt\/wp-json\/wp\/v2\/types\/post"}],"author":[{"embeddable":true,"href":"https:\/\/bebartlet.com\/pt-pt\/wp-json\/wp\/v2\/users\/9"}],"replies":[{"embeddable":true,"href":"https:\/\/bebartlet.com\/pt-pt\/wp-json\/wp\/v2\/comments?post=16766"}],"version-history":[{"count":0,"href":"https:\/\/bebartlet.com\/pt-pt\/wp-json\/wp\/v2\/posts\/16766\/revisions"}],"wp:featuredmedia":[{"embeddable":true,"href":"https:\/\/bebartlet.com\/pt-pt\/wp-json\/wp\/v2\/media\/15965"}],"wp:attachment":[{"href":"https:\/\/bebartlet.com\/pt-pt\/wp-json\/wp\/v2\/media?parent=16766"}],"wp:term":[{"taxonomy":"category","embeddable":true,"href":"https:\/\/bebartlet.com\/pt-pt\/wp-json\/wp\/v2\/categories?post=16766"},{"taxonomy":"post_tag","embeddable":true,"href":"https:\/\/bebartlet.com\/pt-pt\/wp-json\/wp\/v2\/tags?post=16766"}],"curies":[{"name":"wp","href":"https:\/\/api.w.org\/{rel}","templated":true}]}}