{"id":16767,"date":"2022-07-10T08:25:10","date_gmt":"2022-07-10T08:25:10","guid":{"rendered":"https:\/\/bebartlet.com\/carina-mejias-exportavoz-del-pp-y-cs-en-cataluna-ficha-por-bebartlet\/"},"modified":"2022-07-10T08:25:10","modified_gmt":"2022-07-10T08:25:10","slug":"carina-mejias-exportavoz-del-pp-y-cs-en-cataluna-ficha-por-bebartlet","status":"publish","type":"post","link":"https:\/\/bebartlet.com\/pt-pt\/carina-mejias-exportavoz-del-pp-y-cs-en-cataluna-ficha-por-bebartlet\/","title":{"rendered":"Carina Mej\u00edas, exportavoz del PP y C&#8217;s en Catalu\u00f1a, ficha por beBartlet"},"content":{"rendered":"\t\t<div data-elementor-type=\"wp-post\" data-elementor-id=\"16767\" class=\"elementor elementor-16767 elementor-719\" data-elementor-post-type=\"post\">\n\t\t\t\t\t\t<section class=\"elementor-section elementor-top-section elementor-element elementor-element-1d3e1fc elementor-section-boxed elementor-section-height-default elementor-section-height-default\" data-id=\"1d3e1fc\" data-element_type=\"section\" data-e-type=\"section\">\n\t\t\t\t\t\t<div class=\"elementor-container elementor-column-gap-default\">\n\t\t\t\t\t<div class=\"aux-parallax-section elementor-column elementor-col-100 elementor-top-column elementor-element elementor-element-e14f3bb\" data-id=\"e14f3bb\" data-element_type=\"column\" data-e-type=\"column\">\n\t\t\t<div class=\"elementor-widget-wrap elementor-element-populated\">\n\t\t\t\t\t\t<div class=\"elementor-element elementor-element-6adce66 elementor-widget elementor-widget-text-editor\" data-id=\"6adce66\" data-element_type=\"widget\" data-e-type=\"widget\" data-widget_type=\"text-editor.default\">\n\t\t\t\t<div class=\"elementor-widget-container\">\n\t\t\t\t\t\t\t\t\t<p>BeBartlet anuncia la incorporaci\u00f3n a su C\u00edrculo de Asesores de Carina Mej\u00edas, quien ha sido portavoz del Partido Popular y Ciudadanos en el Parlamento catal\u00e1n, adem\u00e1s de concejal en el Ayuntamiento de Barcelona o diputada en el Congreso de los Diputados.<\/p>\t\t\t\t\t\t\t\t<\/div>\n\t\t\t\t<\/div>\n\t\t\t\t<div class=\"elementor-element elementor-element-1c087ad elementor-widget elementor-widget-aux_modern_button\" data-id=\"1c087ad\" data-element_type=\"widget\" data-e-type=\"widget\" data-widget_type=\"aux_modern_button.default\">\n\t\t\t\t<div class=\"elementor-widget-container\">\n\t\t\t\t\t    <div class=\"aux-modern-button-wrapper aux-modern-button-align-left\" >\n                    <a class=\"aux-modern-button aux-black aux-modern-button-md aux-modern-button-normal aux-modern-button-outline aux-icon-\" href=\"https:\/\/www.elconfidencial.com\/espana\/2022-07-10\/bebartlet-ciudadanos-carina-mejias-pp-asuntos-publicos-nacho-corredor_3458416\/\" target=\"_blank\" rel=\"noopener\">\n                <div class=\"aux-overlay\"><\/div>\n                                    <div class=\"aux-icon \">\n                                            <\/div>\n                                <div class=\"aux-text\">\n<span class=\"aux-text-before\">Ver art\u00edculo<\/span>                <\/div>\n            <\/a>\n            \n    <\/div>\n\n    \t\t\t\t<\/div>\n\t\t\t\t<\/div>\n\t\t\t\t\t<\/div>\n\t\t<\/div>\n\t\t\t\t\t<\/div>\n\t\t<\/section>\n\t\t\t\t<\/div>\n\t\t","protected":false},"excerpt":{"rendered":"<p>BeBartlet anuncia la incorporaci\u00f3n a su C\u00edrculo de Asesores de Carina Mej\u00edas, quien ha sido portavoz del Partido Popular y Ciudadanos en el Parlamento catal\u00e1n, adem\u00e1s de concejal en el Ayuntamiento de Barcelona o diputada en el Congreso de los Diputados.<\/p>\n","protected":false},"author":9,"featured_media":15965,"comment_status":"closed","ping_status":"open","sticky":false,"template":"","format":"standard","meta":{"footnotes":""},"categories":[1116,1117],"tags":[],"class_list":["post-16767","post","type-post","status-publish","format-standard","has-post-thumbnail","hentry","category-el-confidencial-pt","category-imprensa-pt"],"_links":{"self":[{"href":"https:\/\/bebartlet.com\/pt-pt\/wp-json\/wp\/v2\/posts\/16767","targetHints":{"allow":["GET"]}}],"collection":[{"href":"https:\/\/bebartlet.com\/pt-pt\/wp-json\/wp\/v2\/posts"}],"about":[{"href":"https:\/\/bebartlet.com\/pt-pt\/wp-json\/wp\/v2\/types\/post"}],"author":[{"embeddable":true,"href":"https:\/\/bebartlet.com\/pt-pt\/wp-json\/wp\/v2\/users\/9"}],"replies":[{"embeddable":true,"href":"https:\/\/bebartlet.com\/pt-pt\/wp-json\/wp\/v2\/comments?post=16767"}],"version-history":[{"count":0,"href":"https:\/\/bebartlet.com\/pt-pt\/wp-json\/wp\/v2\/posts\/16767\/revisions"}],"wp:featuredmedia":[{"embeddable":true,"href":"https:\/\/bebartlet.com\/pt-pt\/wp-json\/wp\/v2\/media\/15965"}],"wp:attachment":[{"href":"https:\/\/bebartlet.com\/pt-pt\/wp-json\/wp\/v2\/media?parent=16767"}],"wp:term":[{"taxonomy":"category","embeddable":true,"href":"https:\/\/bebartlet.com\/pt-pt\/wp-json\/wp\/v2\/categories?post=16767"},{"taxonomy":"post_tag","embeddable":true,"href":"https:\/\/bebartlet.com\/pt-pt\/wp-json\/wp\/v2\/tags?post=16767"}],"curies":[{"name":"wp","href":"https:\/\/api.w.org\/{rel}","templated":true}]}}