{"id":16778,"date":"2022-05-11T07:19:27","date_gmt":"2022-05-11T07:19:27","guid":{"rendered":"https:\/\/bebartlet.com\/ramon-mateo-me-incorpore-a-bebartlet-convencido-de-participar-en-un-proyecto-diferente-y-ambicioso\/"},"modified":"2022-05-11T07:19:27","modified_gmt":"2022-05-11T07:19:27","slug":"ramon-mateo-me-incorpore-a-bebartlet-convencido-de-participar-en-un-proyecto-diferente-y-ambicioso","status":"publish","type":"post","link":"https:\/\/bebartlet.com\/pt-pt\/ramon-mateo-me-incorpore-a-bebartlet-convencido-de-participar-en-un-proyecto-diferente-y-ambicioso\/","title":{"rendered":"Ram\u00f3n Mateo: \u201cMe incorpor\u00e9 a beBartlet convencido de participar en un proyecto diferente y ambicioso\u201d"},"content":{"rendered":"\t\t<div data-elementor-type=\"wp-post\" data-elementor-id=\"16778\" class=\"elementor elementor-16778 elementor-2310\" data-elementor-post-type=\"post\">\n\t\t\t\t\t\t<section class=\"elementor-section elementor-top-section elementor-element elementor-element-1d3e1fc elementor-section-boxed elementor-section-height-default elementor-section-height-default\" data-id=\"1d3e1fc\" data-element_type=\"section\" data-e-type=\"section\">\n\t\t\t\t\t\t<div class=\"elementor-container elementor-column-gap-default\">\n\t\t\t\t\t<div class=\"aux-parallax-section elementor-column elementor-col-100 elementor-top-column elementor-element elementor-element-e14f3bb\" data-id=\"e14f3bb\" data-element_type=\"column\" data-e-type=\"column\">\n\t\t\t<div class=\"elementor-widget-wrap elementor-element-populated\">\n\t\t\t\t\t\t<div class=\"elementor-element elementor-element-6adce66 elementor-widget elementor-widget-text-editor\" data-id=\"6adce66\" data-element_type=\"widget\" data-e-type=\"widget\" data-widget_type=\"text-editor.default\">\n\t\t\t\t<div class=\"elementor-widget-container\">\n\t\t\t\t\t\t\t\t\t<p><a href=\"https:\/\/es.linkedin.com\/in\/ramon-mateo\" target=\"_blank\" rel=\"noopener\"><strong>Ram\u00f3n Mateo<\/strong><\/a>\u00a0es director de\u00a0<strong>An\u00e1lisis e Impacto Regulatorio<\/strong>\u00a0<strong>de beBartlet<\/strong>. Mateo es economista y acumula una dilatada trayectoria\u00a0<strong>en instituciones<\/strong>\u00a0del\u00a0<strong>\u00e1mbito local, auton\u00f3mico y estatal<\/strong>. Ha sido\u00a0<strong>coordinador de los asesores de Ciudadanos<\/strong>\u00a0en el\u00a0<strong>Congreso de los Diputados<\/strong>\u00a0y el\u00a0<strong>Senado<\/strong>, as\u00ed como en la\u00a0<strong>Oficina Econ\u00f3mica<\/strong>\u00a0y el\u00a0<strong>\u00c1rea de Programas<\/strong>\u00a0del partido liberal. Es colaborador de\u00a0<strong>El Espa\u00f1ol<\/strong>,\u00a0<strong>Agenda P\u00fablica<\/strong>\u00a0y\u00a0<strong>Politikon<\/strong>, adem\u00e1s de\u00a0<strong>senior fellow de ESADE EcPol<\/strong>. En beBartlet lidera el\u00a0<strong>asesoramiento a nuestros clientes<\/strong>\u00a0en proyectos que requieren de un elevado\u00a0<strong>conocimiento de la situaci\u00f3n pol\u00edtica y normativa<\/strong>\u00a0<strong>en Espa\u00f1a.\u00a0<\/strong><\/p><p><strong>\u00bfQu\u00e9 aprendiste de tu paso por las instituciones?<\/strong><\/p><p>Formar parte de un \u00f3rgano que representa la soberan\u00eda popular y decide las normas por las que todos nos regimos te otorga una sensibilidad y una visi\u00f3n muy profundas de la realidad que te rodea. Tambi\u00e9n te aporta un conocimiento directo de la pluralidad existente y de los argumentos que sustentan opiniones contrapuestas. Ah\u00ed ves que, en muchas ocasiones, las diferencias son de perspectiva, m\u00e1s que de fondo. Comprender esto es b\u00e1sico para llegar a acuerdos.\u00a0<\/p><p><strong>\u00bfQu\u00e9 diferencias hay entre el \u00e1mbito local, auton\u00f3mico o estatal?<\/strong><\/p><p>He tenido la suerte de trabajar a nivel auton\u00f3mico, local y estatal en las Cortes Generales. Un parlamento auton\u00f3mico trata asuntos que afectan al d\u00eda a d\u00eda de las personas: la docencia en los colegios, la atenci\u00f3n sanitaria, el mantenimiento de las carreteras o las condiciones de producci\u00f3n de los alimentos. Sin embargo, el Congreso o el Senado abordan tem\u00e1ticas m\u00e1s amplias: los derechos fundamentales, el sistema financiero o las relaciones laborales. Son realidades muy distintas, pero totalmente complementarias porque para comprender las materias a nivel global es necesario entender c\u00f3mo afectan en el territorio. Esta es una de las premisas que aplico a los proyectos de beBartlet.<\/p><p><strong>Has vivido el surgimiento y la ca\u00edda de nuevos partidos y liderazgos\u2026<\/strong><\/p><p>Desde luego. La pol\u00edtica espa\u00f1ola ha dado un vuelco desde que empec\u00e9 a trabajar en asesor\u00eda pol\u00edtica en 2012. Entonces, UPyD era un proyecto que empezaba a adquirir relevancia, Ciudadanos todav\u00eda estaba atravesando su particular \u00e9xodo por el desierto, tras fuertes conflictos internos, y Podemos todav\u00eda no era a\u00fan un plan pol\u00edtico. Vivir en primera persona el auge y la ca\u00edda de la llamada \u201cnueva pol\u00edtica\u201d ha sido una experiencia apasionante. Sin embargo,\u00a0 a medida que pasa el tiempo, me pregunto si se ha aprovechado la oportunidad hist\u00f3rica del 15M. La ciudadan\u00eda se pregunta si la promesa de mejora del sistema que tra\u00edan los nuevos partidos se ha cumplido y si todas las transformaciones, junto a la inestabilidad pol\u00edtica que ello ha implicado, se han traducido en un mayor bienestar. Todos los que participamos en aquel proceso se lo debemos a la sociedad y, desde luego, tambi\u00e9n a nosotros mismos.\u00a0<\/p><p><strong>\u00bfC\u00f3mo fue tu paso al sector privado?<\/strong><\/p><p>Cuando te dedicas a la asesor\u00eda t\u00e9cnica pol\u00edtica vives bajo una sensaci\u00f3n constante de que la experiencia tiene un final, pero nunca sabes cu\u00e1ndo. A esa incertidumbre hay que sumar el escepticismo sobre el valor que aportas como profesional. Por un lado, nominalmente compartes profesi\u00f3n con mucha gente que, pese a prestar asesor\u00eda con fines pol\u00edticos, es ajena a los planteamientos de una labor t\u00e9cnica. Por otro lado, ves que tu perfil profesional no tiene una correspondencia exacta en el \u00e1mbito privado. Me incorpor\u00e9 a beBartlet con la convicci\u00f3n de participar en un proyecto diferente y ambicioso. Mi paso por las instituciones ha sido clave para convertirme en el profesional que soy hoy y definir el valor que aporto a los proyectos. Considero que la asesor\u00eda t\u00e9cnica parlamentaria es un espacio excelente para formar profesionales de alta cualificaci\u00f3n, sensibilidad pol\u00edtica y social y conciencia de servicio p\u00fablico.\u00a0<\/p>\t\t\t\t\t\t\t\t<\/div>\n\t\t\t\t<\/div>\n\t\t\t\t<div class=\"elementor-element elementor-element-c977893 elementor-widget elementor-widget-image\" data-id=\"c977893\" data-element_type=\"widget\" data-e-type=\"widget\" data-widget_type=\"image.default\">\n\t\t\t\t<div class=\"elementor-widget-container\">\n\t\t\t\t\t\t\t\t\t\t\t\t\t\t\t<img fetchpriority=\"high\" decoding=\"async\" width=\"1024\" height=\"683\" src=\"https:\/\/bebartlet.com\/wp-content\/uploads\/2022\/05\/BBT-Ramon-Mateo-beBartlet.jpeg\" class=\"attachment-large size-large wp-image-16779\" alt=\"Ram\u00f3n Mateo\" \/>\t\t\t\t\t\t\t\t\t\t\t\t\t\t\t<\/div>\n\t\t\t\t<\/div>\n\t\t\t\t<div class=\"elementor-element elementor-element-2bb31ad elementor-widget elementor-widget-text-editor\" data-id=\"2bb31ad\" data-element_type=\"widget\" data-e-type=\"widget\" data-widget_type=\"text-editor.default\">\n\t\t\t\t<div class=\"elementor-widget-container\">\n\t\t\t\t\t\t\t\t\t<p><strong>\u00bfMejorar\u00eda el sector p\u00fablico con m\u00e1s profesionales del sector privado y viceversa?<\/strong><\/p><p>Sin duda. Las instituciones cuentan con mucho talento porque nuestros funcionarios y empleados p\u00fablicos est\u00e1n muy bien valorados. La dificultad siempre ha estado en la captaci\u00f3n de talento externo: perfiles que no se encuentran f\u00e1cilmente en la propia administraci\u00f3n cuando se les necesita y que tampoco es posible incorporar en el corto plazo por la poca capacidad de reacci\u00f3n de la administraci\u00f3n. Si queremos un sector p\u00fablico capaz de anticipar las soluciones que requerir\u00e1n los retos del ma\u00f1ana, tenemos que hacer todo lo posible para permitir la formaci\u00f3n, retenci\u00f3n y atracci\u00f3n del mejor talento profesional y ponerlo al servicio de lo p\u00fablico, que a fin de cuentas es de todos. Adem\u00e1s, para perfiles profesionales con una carrera consolidada, aceptar un nombramiento como alto cargo en la administraci\u00f3n suele ir de la mano a renunciar a tu posici\u00f3n profesional para asumir una responsabilidad mayor, con peores condiciones y sin ninguna garant\u00eda de retorno. A ello hay que sumar los costes personales por significarse p\u00fablicamente con unos principios pol\u00edticos. Y c\u00f3mo eso dificulta la reincorporaci\u00f3n al sector privado.\u00a0<\/p><p><strong>\u00bfQu\u00e9 valor pueden aportar las empresas ante los retos comunes?<\/strong><\/p><p>Uno de los mayores retos a los que nos enfrentamos como sociedad, como nos muestra la actual crisis energ\u00e9tica agravada por la invasi\u00f3n de Putin en Ucrania, es la transici\u00f3n ecol\u00f3gica. Solo seremos capaces de superarla si desde el \u00e1mbito p\u00fablico y privado sumamos esfuerzos y decidimos ir en una misma direcci\u00f3n. En sectores regulados como el de la energ\u00eda, la administraci\u00f3n p\u00fablica tiene un papel fundamental. A fin de cuentas, es quien define las reglas con las que operan las compa\u00f1\u00edas y los consumidores. Pero las empresas tienen una funci\u00f3n igual o m\u00e1s importante porque son ellas las que proveen ese servicio a toda la sociedad y las que, con tal finalidad, adaptan su ejecuci\u00f3n a los requerimientos que en cada momento establece la normativa. Dif\u00edcilmente podr\u00edamos concebir un servicio m\u00e1s fundamental que la energ\u00eda ya que est\u00e1 presente en todas y cada una de las actividades que realizamos. Mi experiencia en proyectos de beBartlet vinculados a la transici\u00f3n ecol\u00f3gica me dice que las empresas pueden ofrecer soluciones dirigidas a aliviar el impacto en los hogares y en la competitividad de las empresas. \u00a1Nadie sale beneficiado cuando los precios se descontrolan y existe tanta incertidumbre! Esta colaboraci\u00f3n requiere comprensi\u00f3n mutua, interlocuci\u00f3n, proactividad y af\u00e1n de cooperaci\u00f3n. Todo ello en un marco de transparencia donde se permita a la ciudadan\u00eda participar en igualdad de condiciones de este proceso. Como suele decirse: la energ\u00eda mueve el mundo. Pero lograrlo cada d\u00eda es mucho m\u00e1s dif\u00edcil de lo que parece\u2026\u00a0<\/p><p><strong>\u00bfCu\u00e1l es la propuesta de valor diferencial de beBartlet?<\/strong><\/p><p>Dedicamos mucho tiempo de calidad a nuestros clientes porque nuestro modelo es diferente. Crecemos en horizontal m\u00e1s que en vertical. Eso hace que el acompa\u00f1amiento que hacemos sea real. Y eso se nota en la satisfacci\u00f3n que tienen quienes trabajan con nosotros. Solo as\u00ed podemos dedicar la energ\u00eda que requiere la ambici\u00f3n de nuestros proyectos, que no solo aspiran a promover cambios, sino a implicar a la ciudadan\u00eda en las grandes transformaciones que proponemos.<\/p>\t\t\t\t\t\t\t\t<\/div>\n\t\t\t\t<\/div>\n\t\t\t\t\t<\/div>\n\t\t<\/div>\n\t\t\t\t\t<\/div>\n\t\t<\/section>\n\t\t\t\t<\/div>\n\t\t","protected":false},"excerpt":{"rendered":"<p>Ram\u00f3n Mateo lidera el asesoramiento a nuestros clientes en proyectos que requieren de un elevado conocimiento de la situaci\u00f3n pol\u00edtica y normativa en Espa\u00f1a. <\/p>\n","protected":false},"author":9,"featured_media":15969,"comment_status":"closed","ping_status":"open","sticky":false,"template":"","format":"standard","meta":{"footnotes":""},"categories":[1115],"tags":[],"class_list":["post-16778","post","type-post","status-publish","format-standard","has-post-thumbnail","hentry","category-bebartlet-pt"],"_links":{"self":[{"href":"https:\/\/bebartlet.com\/pt-pt\/wp-json\/wp\/v2\/posts\/16778","targetHints":{"allow":["GET"]}}],"collection":[{"href":"https:\/\/bebartlet.com\/pt-pt\/wp-json\/wp\/v2\/posts"}],"about":[{"href":"https:\/\/bebartlet.com\/pt-pt\/wp-json\/wp\/v2\/types\/post"}],"author":[{"embeddable":true,"href":"https:\/\/bebartlet.com\/pt-pt\/wp-json\/wp\/v2\/users\/9"}],"replies":[{"embeddable":true,"href":"https:\/\/bebartlet.com\/pt-pt\/wp-json\/wp\/v2\/comments?post=16778"}],"version-history":[{"count":0,"href":"https:\/\/bebartlet.com\/pt-pt\/wp-json\/wp\/v2\/posts\/16778\/revisions"}],"wp:featuredmedia":[{"embeddable":true,"href":"https:\/\/bebartlet.com\/pt-pt\/wp-json\/wp\/v2\/media\/15969"}],"wp:attachment":[{"href":"https:\/\/bebartlet.com\/pt-pt\/wp-json\/wp\/v2\/media?parent=16778"}],"wp:term":[{"taxonomy":"category","embeddable":true,"href":"https:\/\/bebartlet.com\/pt-pt\/wp-json\/wp\/v2\/categories?post=16778"},{"taxonomy":"post_tag","embeddable":true,"href":"https:\/\/bebartlet.com\/pt-pt\/wp-json\/wp\/v2\/tags?post=16778"}],"curies":[{"name":"wp","href":"https:\/\/api.w.org\/{rel}","templated":true}]}}