{"id":16785,"date":"2022-03-21T07:38:03","date_gmt":"2022-03-21T06:38:03","guid":{"rendered":"https:\/\/bebartlet.com\/nuevosliderazgosbb-con-helena-legido-quigley-referente-mundial-de-la-salud-publica-y-lideres-emergentes-de-la-politica\/"},"modified":"2022-03-21T07:38:03","modified_gmt":"2022-03-21T06:38:03","slug":"nuevosliderazgosbb-con-helena-legido-quigley-referente-mundial-de-la-salud-publica-y-lideres-emergentes-de-la-politica","status":"publish","type":"post","link":"https:\/\/bebartlet.com\/pt-pt\/nuevosliderazgosbb-con-helena-legido-quigley-referente-mundial-de-la-salud-publica-y-lideres-emergentes-de-la-politica\/","title":{"rendered":"Repensando la sanidad con Helena Legido-Quigley"},"content":{"rendered":"\t\t<div data-elementor-type=\"wp-post\" data-elementor-id=\"16785\" class=\"elementor elementor-16785 elementor-2340\" data-elementor-post-type=\"post\">\n\t\t\t\t\t\t<section class=\"elementor-section elementor-top-section elementor-element elementor-element-1d3e1fc elementor-section-boxed elementor-section-height-default elementor-section-height-default\" data-id=\"1d3e1fc\" data-element_type=\"section\" data-e-type=\"section\">\n\t\t\t\t\t\t<div class=\"elementor-container elementor-column-gap-default\">\n\t\t\t\t\t<div class=\"aux-parallax-section elementor-column elementor-col-100 elementor-top-column elementor-element elementor-element-e14f3bb\" data-id=\"e14f3bb\" data-element_type=\"column\" data-e-type=\"column\">\n\t\t\t<div class=\"elementor-widget-wrap elementor-element-populated\">\n\t\t\t\t\t\t<div class=\"elementor-element elementor-element-6adce66 elementor-widget elementor-widget-text-editor\" data-id=\"6adce66\" data-element_type=\"widget\" data-e-type=\"widget\" data-widget_type=\"text-editor.default\">\n\t\t\t\t<div class=\"elementor-widget-container\">\n\t\t\t\t\t\t\t\t\t<p>Hemos consolidado en muy poco tiempo a trav\u00e9s de\u00a0<a href=\"https:\/\/bebartlet.com\/nuevosliderazgos\/\" target=\"_blank\" rel=\"noreferrer noopener\"><strong>#NuevosLiderazgosbB<\/strong><\/a>\u00a0de beBartlet un<strong>\u00a0espacio de socializaci\u00f3n entre iguales<\/strong>, un espacio de\u00a0<strong>reflexi\u00f3n\u00a0<\/strong>a largo plazo y un espacio de\u00a0<strong>conversaci\u00f3n entre las instituciones y la sociedad civil<\/strong>. Pero, sobre todo, hemos consolidado un espacio de\u00a0<strong>referencia generacional<\/strong>.<\/p><p>Ayer impulsamos la sesi\u00f3n\u00a0de\u00a0<strong>\u201cRepensando la sanidad\u201d<\/strong>\u00a0de la mano de un grupo de\u00a0\u00a0<strong>l\u00edderes emergentes de varios partidos y Comunidades Aut\u00f3nomas<\/strong>\u00a0(Madrid, Arag\u00f3n, Andaluc\u00eda, La Rioja, Galicia, Extremadura\u2026) y\u00a0de\u00a0<strong><a href=\"https:\/\/twitter.com\/legidoquigley?ref_src=twsrc%5Egoogle%7Ctwcamp%5Eserp%7Ctwgr%5Eauthor\" target=\"_blank\" rel=\"noreferrer noopener\">Helena Legido-Quigley<\/a><\/strong>, la\u00a0<strong>\u00fanica espa\u00f1ola\u00a0<\/strong>que participa del panel de expertos de la\u00a0<strong>Organizaci\u00f3n Mundial de la Salud (OMS)<\/strong>\u00a0en la\u00a0<strong>gesti\u00f3n de la pandemia\u00a0<\/strong>y una de las\u00a0<strong>referencias mundiales<\/strong>\u00a0en el \u00e1mbito de la\u00a0<strong>salud p\u00fablica<\/strong>.<\/p><p>El\u00a0<strong>futuro del Estado de bienestar\u00a0<\/strong>(sanidad, pensiones o trabajo), el futuro del planeta (transici\u00f3n energ\u00e9tica o econom\u00eda circular) y el\u00a0<strong>futuro de las democracias<\/strong>\u00a0son algunos de los\u00a0<strong>retos de nuestra generaci\u00f3n<\/strong>. Pero lo son tambi\u00e9n de nuestras instituciones, de las empresas y del conjunto de la sociedad. En beBartlet contribuimos a\u00a0<strong>generar\u00a0<\/strong>el\u00a0<strong>espacio<\/strong>, la\u00a0<strong>inteligencia<\/strong>, las\u00a0<strong>preguntas<\/strong>, las\u00a0<strong>respuestas\u00a0<\/strong>y los\u00a0<strong>acuerdos\u00a0<\/strong>que nos ayudan a crear un\u00a0<strong>futuro mejor<\/strong>.<\/p>\t\t\t\t\t\t\t\t<\/div>\n\t\t\t\t<\/div>\n\t\t\t\t<section class=\"elementor-section elementor-inner-section elementor-element elementor-element-a0610b0 elementor-section-boxed elementor-section-height-default elementor-section-height-default\" data-id=\"a0610b0\" data-element_type=\"section\" data-e-type=\"section\">\n\t\t\t\t\t\t<div class=\"elementor-container elementor-column-gap-default\">\n\t\t\t\t\t<div class=\"aux-parallax-section elementor-column elementor-col-50 elementor-inner-column elementor-element elementor-element-23b2380\" data-id=\"23b2380\" data-element_type=\"column\" data-e-type=\"column\">\n\t\t\t<div class=\"elementor-widget-wrap elementor-element-populated\">\n\t\t\t\t\t\t<div class=\"elementor-element elementor-element-9f7f4a7 elementor-widget elementor-widget-image\" data-id=\"9f7f4a7\" data-element_type=\"widget\" data-e-type=\"widget\" data-widget_type=\"image.default\">\n\t\t\t\t<div class=\"elementor-widget-container\">\n\t\t\t\t\t\t\t\t\t\t\t\t\t\t\t<img fetchpriority=\"high\" decoding=\"async\" width=\"1024\" height=\"683\" src=\"https:\/\/bebartlet.com\/wp-content\/uploads\/2022\/03\/BBT-Helena-Legido-Quigley-salud.jpeg\" class=\"attachment-large size-large wp-image-16788\" alt=\"Helena Legido-Quigley, referente mundial de la salud p\u00fablica\" \/>\t\t\t\t\t\t\t\t\t\t\t\t\t\t\t<\/div>\n\t\t\t\t<\/div>\n\t\t\t\t\t<\/div>\n\t\t<\/div>\n\t\t\t\t<div class=\"aux-parallax-section elementor-column elementor-col-50 elementor-inner-column elementor-element elementor-element-83a7ffb\" data-id=\"83a7ffb\" data-element_type=\"column\" data-e-type=\"column\">\n\t\t\t<div class=\"elementor-widget-wrap elementor-element-populated\">\n\t\t\t\t\t\t<div class=\"elementor-element elementor-element-9c22fbb elementor-widget elementor-widget-image\" data-id=\"9c22fbb\" data-element_type=\"widget\" data-e-type=\"widget\" data-widget_type=\"image.default\">\n\t\t\t\t<div class=\"elementor-widget-container\">\n\t\t\t\t\t\t\t\t\t\t\t\t\t\t\t<img decoding=\"async\" width=\"1024\" height=\"683\" src=\"https:\/\/bebartlet.com\/wp-content\/uploads\/2022\/03\/BBT-Helena-Legido-Quigley-salud-publica.jpeg\" class=\"attachment-large size-large wp-image-16787\" alt=\"Helena Legido-Quigley, referente mundial de la salud p\u00fablica\" \/>\t\t\t\t\t\t\t\t\t\t\t\t\t\t\t<\/div>\n\t\t\t\t<\/div>\n\t\t\t\t\t<\/div>\n\t\t<\/div>\n\t\t\t\t\t<\/div>\n\t\t<\/section>\n\t\t\t\t\t<\/div>\n\t\t<\/div>\n\t\t\t\t\t<\/div>\n\t\t<\/section>\n\t\t\t\t<\/div>\n\t\t","protected":false},"excerpt":{"rendered":"<p>Impulsamos la sesi\u00f3n de \u201cRepensando la sanidad\u201d de la mano de un grupo de l\u00edderes emergentes de varios partidos y Comunidades Aut\u00f3nomas y de Helena Legido-Quigley, la \u00fanica espa\u00f1ola que participa del panel de expertos de la Organizaci\u00f3n Mundial de la Salud.<\/p>\n","protected":false},"author":9,"featured_media":16786,"comment_status":"closed","ping_status":"open","sticky":false,"template":"","format":"standard","meta":{"footnotes":""},"categories":[1131],"tags":[],"class_list":["post-16785","post","type-post","status-publish","format-standard","has-post-thumbnail","hentry","category-missaobebartlet"],"_links":{"self":[{"href":"https:\/\/bebartlet.com\/pt-pt\/wp-json\/wp\/v2\/posts\/16785","targetHints":{"allow":["GET"]}}],"collection":[{"href":"https:\/\/bebartlet.com\/pt-pt\/wp-json\/wp\/v2\/posts"}],"about":[{"href":"https:\/\/bebartlet.com\/pt-pt\/wp-json\/wp\/v2\/types\/post"}],"author":[{"embeddable":true,"href":"https:\/\/bebartlet.com\/pt-pt\/wp-json\/wp\/v2\/users\/9"}],"replies":[{"embeddable":true,"href":"https:\/\/bebartlet.com\/pt-pt\/wp-json\/wp\/v2\/comments?post=16785"}],"version-history":[{"count":0,"href":"https:\/\/bebartlet.com\/pt-pt\/wp-json\/wp\/v2\/posts\/16785\/revisions"}],"wp:featuredmedia":[{"embeddable":true,"href":"https:\/\/bebartlet.com\/pt-pt\/wp-json\/wp\/v2\/media\/16786"}],"wp:attachment":[{"href":"https:\/\/bebartlet.com\/pt-pt\/wp-json\/wp\/v2\/media?parent=16785"}],"wp:term":[{"taxonomy":"category","embeddable":true,"href":"https:\/\/bebartlet.com\/pt-pt\/wp-json\/wp\/v2\/categories?post=16785"},{"taxonomy":"post_tag","embeddable":true,"href":"https:\/\/bebartlet.com\/pt-pt\/wp-json\/wp\/v2\/tags?post=16785"}],"curies":[{"name":"wp","href":"https:\/\/api.w.org\/{rel}","templated":true}]}}